{"id":4217,"date":"2011-07-01T10:06:30","date_gmt":"2011-07-01T08:06:30","guid":{"rendered":"http:\/\/www.ades-grenoble.org\/wordpress\/?p=4217"},"modified":"2011-07-01T10:06:30","modified_gmt":"2011-07-01T08:06:30","slug":"politique-politicienne","status":"publish","type":"post","link":"https:\/\/www.ades-grenoble.org\/wordpress\/2011\/07\/01\/politique-politicienne\/","title":{"rendered":"Politique politicienne"},"content":{"rendered":"<p><strong>S\u00e9natoriales <\/strong>: la droite se d\u00e9chire. Une quatri\u00e8me liste est d\u00e9clar\u00e9e par D. Vitte, pr\u00e9sident de l\u2019association des maires de l\u2019Is\u00e8re et conseiller g\u00e9n\u00e9ral qui se pr\u00e9sente comme ind\u00e9pendant. Sur l\u2019\u00e9chiquier politique fran\u00e7ais, ind\u00e9pendant est synonyme de droite. D\u00e9cid\u00e9ment le poste de s\u00e9nateur est tr\u00e8s convoit\u00e9.<\/p>\n<p><strong>M. Destot soutient Martine Aubry \u00e0 la primaire socialiste<\/strong>. Cette derni\u00e8re devrait se m\u00e9fier car tout ce que soutient le maire de Grenoble est pour l\u2019instant vou\u00e9 \u00e0 l\u2019\u00e9chec\u00a0: Jeux Olympiques, rocade nord, soutien \u00e0 Strauss Kahn, soutien \u00e0 B. Soulage pour les s\u00e9natoriales, les tarifs du chauffage urbain\u2026<\/p>\n<p><strong>Pr\u00e9sidence de l\u2019UMP 38<\/strong>. La mise sous tutelle de la f\u00e9d\u00e9ration de l\u2019Is\u00e8re va se terminer et les militants locaux ont vot\u00e9 pour choisir leurs responsables. Les embrouilles n\u2019ont pas tard\u00e9es mais pour une fois ce n\u2019est pas \u00e0 Grenoble que cela se passe mais \u00e0 Vienne, o\u00f9 le choix des militants ne plait pas au d\u00e9put\u00e9 J. Remillier. Sur la premi\u00e8re circonscription (ex de Carignon et Cazenave), c\u2019est Jean-Claude Peyrin qui a \u00e9t\u00e9 \u00e9lu, il \u00e9tait le seul candidat. Fort de cette d\u00e9signation, il postule \u00e0 la Pr\u00e9sidence de l\u2019UMP38. Mais ce proche d\u2019A. Carignon va-t-il \u00eatre d\u00e9sign\u00e9 sans probl\u00e8me ?\u2026<\/p>\n","protected":false},"excerpt":{"rendered":"<p>S\u00e9natoriales : la droite se d\u00e9chire. Une quatri\u00e8me liste est d\u00e9clar\u00e9e par D. Vitte, pr\u00e9sident de l\u2019association des maires de l\u2019Is\u00e8re et conseiller g\u00e9n\u00e9ral qui se pr\u00e9sente comme ind\u00e9pendant. Sur l\u2019\u00e9chiquier politique fran\u00e7ais, ind\u00e9pendant est synonyme de droite. D\u00e9cid\u00e9ment le poste de s\u00e9nateur est tr\u00e8s convoit\u00e9. M. Destot soutient Martine Aubry \u00e0 la primaire socialiste. [&hellip;]<\/p>\n","protected":false},"author":1,"featured_media":0,"comment_status":"closed","ping_status":"open","sticky":false,"template":"","format":"standard","meta":{"twitterCardType":"","cardImageID":0,"cardImage":"","cardTitle":"","cardDesc":"","cardImageAlt":"","cardPlayer":"","cardPlayerWidth":0,"cardPlayerHeight":0,"cardPlayerStream":"","cardPlayerCodec":"","footnotes":""},"categories":[1],"tags":[97],"class_list":["post-4217","post","type-post","status-publish","format-standard","hentry","category-actus","tag-senatoriales"],"_links":{"self":[{"href":"https:\/\/www.ades-grenoble.org\/wordpress\/wp-json\/wp\/v2\/posts\/4217","targetHints":{"allow":["GET"]}}],"collection":[{"href":"https:\/\/www.ades-grenoble.org\/wordpress\/wp-json\/wp\/v2\/posts"}],"about":[{"href":"https:\/\/www.ades-grenoble.org\/wordpress\/wp-json\/wp\/v2\/types\/post"}],"author":[{"embeddable":true,"href":"https:\/\/www.ades-grenoble.org\/wordpress\/wp-json\/wp\/v2\/users\/1"}],"replies":[{"embeddable":true,"href":"https:\/\/www.ades-grenoble.org\/wordpress\/wp-json\/wp\/v2\/comments?post=4217"}],"version-history":[{"count":2,"href":"https:\/\/www.ades-grenoble.org\/wordpress\/wp-json\/wp\/v2\/posts\/4217\/revisions"}],"predecessor-version":[{"id":4219,"href":"https:\/\/www.ades-grenoble.org\/wordpress\/wp-json\/wp\/v2\/posts\/4217\/revisions\/4219"}],"wp:attachment":[{"href":"https:\/\/www.ades-grenoble.org\/wordpress\/wp-json\/wp\/v2\/media?parent=4217"}],"wp:term":[{"taxonomy":"category","embeddable":true,"href":"https:\/\/www.ades-grenoble.org\/wordpress\/wp-json\/wp\/v2\/categories?post=4217"},{"taxonomy":"post_tag","embeddable":true,"href":"https:\/\/www.ades-grenoble.org\/wordpress\/wp-json\/wp\/v2\/tags?post=4217"}],"curies":[{"name":"wp","href":"https:\/\/api.w.org\/{rel}","templated":true}]}}