{"id":4220,"date":"2011-07-01T10:08:58","date_gmt":"2011-07-01T08:08:58","guid":{"rendered":"http:\/\/www.ades-grenoble.org\/wordpress\/?p=4220"},"modified":"2011-07-01T10:08:58","modified_gmt":"2011-07-01T08:08:58","slug":"les-riverains-du-parc-pompidou-se-mobilisent","status":"publish","type":"post","link":"https:\/\/www.ades-grenoble.org\/wordpress\/2011\/07\/01\/les-riverains-du-parc-pompidou-se-mobilisent\/","title":{"rendered":"Les riverains du Parc Pompidou se mobilisent"},"content":{"rendered":"<p>Depuis des mois les incendies de voitures se multiplient dans le quartier du Parc Pompidou \u00e0 Grenoble. Certaines voitures sont incendi\u00e9es tr\u00e8s pr\u00e8s de b\u00e2timents d\u2019habitation, cr\u00e9ant un risque tr\u00e8s important pour la s\u00e9curit\u00e9 des personnes. Une p\u00e9tition est envoy\u00e9e au Pr\u00e9fet pour lui demander de prendre s\u00e9rieusement en compte la d\u00e9gradation de la vie dans ce quartier.<\/p>\n<p>Le 23 juin a eu lieu une r\u00e9union publique dans le Parc Pompidou r\u00e9unissant des repr\u00e9sentants de la Pr\u00e9fecture et de la mairie. Le repr\u00e9sentant de la pr\u00e9fecture  a expliqu\u00e9 que la nuit, il n\u2019y avait que 3 voitures de la police nationale qui patrouillait dans toute l\u2019agglom\u00e9ration et il n\u2019a pris aucun engagement pour traiter le cas concret de ce quartier.<\/p>\n<p>Du cot\u00e9 de la mairie, J. Safar va demander, \u00e0 partir du 1er juillet, \u00e0 la patrouille de la police municipale affect\u00e9e au centre ville d&rsquo;effectuer des rondes en voitures (les policiers ne descendront pas de leur voiture car non arm\u00e9s\u00a0!) le soir (jusqu&rsquo;\u00e0 2h du matin maximum), et pendant les week-end uniquement. La mairie continue de vouloir pallier les manques de la police nationale. Cette fois il s&rsquo;agit d&rsquo;une intervention sectoris\u00e9e, mais tr\u00e8s vite la police municipale, dont ce n\u2019est pas le r\u00f4le, sera d\u00e9pass\u00e9e par les \u00e9v\u00e8nements, car elle ne pourra le faire sur l&rsquo;ensemble de la ville.<\/p>\n<p>Ce qui se passe ici est la parfaite d\u00e9monstration de ce que nous annoncions\u00a0: la vid\u00e9o-surveillance install\u00e9e \u00e0 la Capuche s&rsquo;av\u00e8re inefficace puisqu\u2019elle ne fait que d\u00e9placer la d\u00e9linquance. Seule la pr\u00e9sence humaine de proximit\u00e9 serait pertinente.<\/p>\n<p>De ce point de vue le silence de la mairie sur le volet pr\u00e9vention des actions \u00e0 mener, en lien avec les collectivit\u00e9s et structures concern\u00e9es, pour que les incendiaires de voiture aient d&rsquo;autres occupations, est inqui\u00e9tant&#8230; Avec les 900 000 \u20ac de co\u00fbt de la vid\u00e9o-surveillance, combien de postes d&rsquo;\u00e9ducateurs de rue peut-on financer ?<\/p>\n","protected":false},"excerpt":{"rendered":"<p>Depuis des mois les incendies de voitures se multiplient dans le quartier du Parc Pompidou \u00e0 Grenoble. Certaines voitures sont incendi\u00e9es tr\u00e8s pr\u00e8s de b\u00e2timents d\u2019habitation, cr\u00e9ant un risque tr\u00e8s important pour la s\u00e9curit\u00e9 des personnes. Une p\u00e9tition est envoy\u00e9e au Pr\u00e9fet pour lui demander de prendre s\u00e9rieusement en compte la d\u00e9gradation de la vie [&hellip;]<\/p>\n","protected":false},"author":1,"featured_media":0,"comment_status":"closed","ping_status":"open","sticky":false,"template":"","format":"standard","meta":{"twitterCardType":"","cardImageID":0,"cardImage":"","cardTitle":"","cardDesc":"","cardImageAlt":"","cardPlayer":"","cardPlayerWidth":0,"cardPlayerHeight":0,"cardPlayerStream":"","cardPlayerCodec":"","footnotes":""},"categories":[1],"tags":[76,75],"class_list":["post-4220","post","type-post","status-publish","format-standard","hentry","category-actus","tag-securite","tag-videosurveillance"],"_links":{"self":[{"href":"https:\/\/www.ades-grenoble.org\/wordpress\/wp-json\/wp\/v2\/posts\/4220","targetHints":{"allow":["GET"]}}],"collection":[{"href":"https:\/\/www.ades-grenoble.org\/wordpress\/wp-json\/wp\/v2\/posts"}],"about":[{"href":"https:\/\/www.ades-grenoble.org\/wordpress\/wp-json\/wp\/v2\/types\/post"}],"author":[{"embeddable":true,"href":"https:\/\/www.ades-grenoble.org\/wordpress\/wp-json\/wp\/v2\/users\/1"}],"replies":[{"embeddable":true,"href":"https:\/\/www.ades-grenoble.org\/wordpress\/wp-json\/wp\/v2\/comments?post=4220"}],"version-history":[{"count":3,"href":"https:\/\/www.ades-grenoble.org\/wordpress\/wp-json\/wp\/v2\/posts\/4220\/revisions"}],"predecessor-version":[{"id":4223,"href":"https:\/\/www.ades-grenoble.org\/wordpress\/wp-json\/wp\/v2\/posts\/4220\/revisions\/4223"}],"wp:attachment":[{"href":"https:\/\/www.ades-grenoble.org\/wordpress\/wp-json\/wp\/v2\/media?parent=4220"}],"wp:term":[{"taxonomy":"category","embeddable":true,"href":"https:\/\/www.ades-grenoble.org\/wordpress\/wp-json\/wp\/v2\/categories?post=4220"},{"taxonomy":"post_tag","embeddable":true,"href":"https:\/\/www.ades-grenoble.org\/wordpress\/wp-json\/wp\/v2\/tags?post=4220"}],"curies":[{"name":"wp","href":"https:\/\/api.w.org\/{rel}","templated":true}]}}