{"id":4267,"date":"2011-07-08T21:02:19","date_gmt":"2011-07-08T19:02:19","guid":{"rendered":"http:\/\/www.ades-grenoble.org\/wordpress\/?p=4267"},"modified":"2011-10-21T21:07:20","modified_gmt":"2011-10-21T19:07:20","slug":"le-gf38-mis-a-l-index-vertige-et-chute-confirmee","status":"publish","type":"post","link":"https:\/\/www.ades-grenoble.org\/wordpress\/2011\/07\/08\/le-gf38-mis-a-l-index-vertige-et-chute-confirmee\/","title":{"rendered":"Le GF38 mis \u00e0 l\u2019INDEX ! Vertige et chute confirm\u00e9e"},"content":{"rendered":"<p><img loading=\"lazy\" decoding=\"async\" class=\"alignleft size-thumbnail wp-image-1517\" style=\"margin: 5px;\" title=\"stade2\" src=\"http:\/\/www.ades-grenoble.org\/wordpress\/wp-content\/uploads\/2010\/04\/stade2-150x100.jpg\" alt=\"Stade des Alpes\" width=\"150\" height=\"100\" srcset=\"https:\/\/www.ades-grenoble.org\/wordpress\/wp-content\/uploads\/2010\/04\/stade2-150x100.jpg 150w, https:\/\/www.ades-grenoble.org\/wordpress\/wp-content\/uploads\/2010\/04\/stade2.jpeg 300w\" sizes=\"auto, (max-width: 150px) 100vw, 150px\" \/>Comme nous l&rsquo;annoncions <a href=\"http:\/\/www.ades-grenoble.org\/wordpress\/2011\/06\/24\/silence-on-coule\/\">le 24 juin dernier<\/a>, cette fois c&rsquo;en est fini du GF 38. Rel\u00e9gation en CFA, Tribunal de Commerce, d\u00e9p\u00f4t de bilan, perte du statut professionnel et du centre de formation, licenciements \u00e9conomiques&#8230; bref ! Une descente aux enfers pour les int\u00e9ress\u00e9s et une gabegie financi\u00e8re au d\u00e9triment des contribuables.<\/p>\n<p>Ce d\u00e9p\u00f4t de bilan marque la fin d&rsquo;un projet sportif qui en 1997, sous l&rsquo;impulsion du Maire de Grenoble, avait vu la fusion des principaux clubs de football grenoblois pour construire un v\u00e9ritable club professionnel.<\/p>\n<p>C&rsquo;est aussi le Maire de Grenoble qui en f\u00e9vrier 1999 a d\u00e9clar\u00e9 dans le Dauphin\u00e9 au lendemain d&rsquo;un match Grenoble &#8211; St Etienne : \u00ab\u00a0il faut un grand stade \u00e0 Grenoble\u00a0\u00bb. Il a ensuite pouss\u00e9 fortement la M\u00e9tro \u00e0 r\u00e9aliser un stade de football, r\u00e9serv\u00e9 aux professionnels, \u00e0 l&rsquo;endroit o\u00f9 il le voulait dans le parc Paul Mistral, et au prix que l&rsquo;on connait : plus de 80 millions d&rsquo;euros.<\/p>\n<p>C&rsquo;est aujourd&rsquo;hui tout le milieu du football de Grenoble et son agglom\u00e9ration qui constate le g\u00e2chis d&rsquo;une strat\u00e9gie mal ma\u00eetris\u00e9e avec un investisseur unique (INDEX arriv\u00e9 en 2004), qui n&rsquo;a jamais voulu ouvrir son capital \u00e0 d&rsquo;autres. Ce sont aussi tous les habitants et contribuables de l&rsquo;agglom\u00e9ration grenobloise qui sont flou\u00e9s par la r\u00e9alisation d&rsquo;un investissement de prestige qui s&rsquo;inscrivait, au del\u00e0 du football lui m\u00eame, dans la strat\u00e9gie d&rsquo;obtenir \u00e0 nouveau des jeux olympiques \u00e0 Grenoble. Le r\u00e9sultat : pas de JO, plus de club de football r\u00e9sident du grand stade et un \u00e9quipement aujourd&rsquo;hui d\u00e9sert dont il va falloir maintenant red\u00e9finir le projet et le mode de gestion.<\/p>\n<p><!--more-->Ces d\u00e9sillusions du foot \u00e0 Grenoble et ce g\u00e2chis de finances publiques sont bien \u00e0 mettre au passif du maire. Aux derni\u00e8res nouvelles, il y a un projet agrandissant le stade Lesdigui\u00e8res pour accompagner la mont\u00e9e du club de rugby en top 14 ! Alors, bient\u00f4t deux grands stades \u00e0 Grenoble ?<\/p>\n<p>L&rsquo;histoire d\u00e9montre une fois de plus que les \u00e9lus d\u00e9cisionnaires, toujours s\u00fbrs de leur fait, se sont all\u00e8grement assis sur le d\u00e9bat d\u00e9mocratique, tant pour la politique sportive que pour la r\u00e9alisation du stade. Ce dernier est la preuve, comme le disait les \u00e9cologistes, qu&rsquo;il \u00e9tait trop grand, trop cher et mal plac\u00e9. Toujours est-il qu&rsquo;il est l\u00e0 et bien l\u00e0, symbole d&rsquo;une gestion calamiteuse de l&rsquo;argent public. Peut-\u00eatre que de ce point de vue, Didier Migaud premier Pr\u00e9sident de la Cour des Comptes va faire la le\u00e7on \u00e0 Migaud Didier \u00e0 l&rsquo;\u00e9poque Pr\u00e9sident de la M\u00e9tro. Peut-\u00eatre soufflera-t-il \u00e0 l&rsquo;oreille du maire de Grenoble que la reconversion du stade des Alpes passe par une \u00ab\u00a0d\u00e9-privatisation\u00a0\u00bb pour faire de cet \u00e9quipement un v\u00e9ritable outil de service public, ouvert \u00e0 tous les sports et \u00e0 tous, en particulier aux scolaires et aux clubs amateurs ou en changeant sa destination (le concours est ouvert pour d\u2019autres usages). Et pour nos \u00e9lus, un retour sur terre apr\u00e8s l&rsquo;ivresse des sommets.<\/p>\n<h3>Rappels historiques<\/h3>\n<p>Le club de foot de Grenoble a connu diverses appellations :<\/p>\n<ul>\n<li>De 1892 \u00e0 1977 FOOTBALL CLUB DE GRENOBLE<\/li>\n<li>De 1977 \u00e0 1984 FOOTBALL CLUB ASSOCIATION SPORTIVE DE GRENOBLE<\/li>\n<li>De 1984 \u00e0 1990 FOOTBALL CLUB DE GRENOBLE DAUPHINE<\/li>\n<li>De 1990 \u00e0 1992 FOOTBALL CLUB DE GRENOBLE ISERE<\/li>\n<li>De 1992 \u00e0 1993 FOOTBALL CLUB DE GRENOBLE JOJO ISERE<\/li>\n<li>De 1993 \u00e0 1997 OLYMPIQUE GRENOBLE ISERE<\/li>\n<li>Depuis 1997 GRENOBLE FOOT 38<\/li>\n<\/ul>\n<p>Situation sportive depuis la cr\u00e9ation du GF38\u00a0:<\/p>\n<ul>\n<li>2010-2011 Ligue 2 dernier, rel\u00e9gu\u00e9 en CFA par la DNCG<\/li>\n<li>2009-2010 Ligue 1 : 20e, rel\u00e9gu\u00e9 en L2<\/li>\n<li>2008-2009 Ligue 1 : 13e<\/li>\n<li>2007-2008 Le 15 f\u00e9vrier 2008, le GF38 joue son premier match au stade des Alpes. Le 12 mai 2008 le GF38 acc\u00e8de \u00e0 la ligue 1 lors de l&rsquo;avant derni\u00e8re rencontre du championnat de ligue 2.<\/li>\n<li>2006-2007 Ligue 2. 5\u00e8me<\/li>\n<li>2005-2006 Ligue 2. 10e<\/li>\n<li>2004-2005 Ligue 2. 11e<\/li>\n<li>2003-2004 Ligue 2. 15e<\/li>\n<li>2002-2003 Ligue 2. 12e<\/li>\n<li>2001-2002 D 2. 16e<\/li>\n<li>2000-2001 National (D3) &#8211; 1er &#8211; Promotion en D2 &#8211; Reprise du statut professionnel<\/li>\n<li>1999-2000 National (D3)<\/li>\n<li>1998-1999 CFA (D4) &#8211; Promotion en National (D3)<\/li>\n<li>1997-1998 CFA (D4)<\/li>\n<li>1996-1997 National 1 (D3) &#8211; Rel\u00e9gation en CFA (D4) &#8211; Le club est rebaptis\u00e9 Grenoble Foot 38 (GF38) suite, \u00e0 la fusion de deux clubs grenoblois, l&rsquo;O.G.I et Norcap.<\/li>\n<\/ul>\n","protected":false},"excerpt":{"rendered":"<p>Comme nous l&rsquo;annoncions le 24 juin dernier, cette fois c&rsquo;en est fini du GF 38. Rel\u00e9gation en CFA, Tribunal de Commerce, d\u00e9p\u00f4t de bilan, perte du statut professionnel et du centre de formation, licenciements \u00e9conomiques&#8230; bref ! Une descente aux enfers pour les int\u00e9ress\u00e9s et une gabegie financi\u00e8re au d\u00e9triment des contribuables. Ce d\u00e9p\u00f4t de [&hellip;]<\/p>\n","protected":false},"author":1,"featured_media":0,"comment_status":"closed","ping_status":"open","sticky":false,"template":"","format":"standard","meta":{"twitterCardType":"","cardImageID":0,"cardImage":"","cardTitle":"","cardDesc":"","cardImageAlt":"","cardPlayer":"","cardPlayerWidth":0,"cardPlayerHeight":0,"cardPlayerStream":"","cardPlayerCodec":"","footnotes":""},"categories":[1],"tags":[73,233],"class_list":["post-4267","post","type-post","status-publish","format-standard","hentry","category-actus","tag-sports","tag-stade"],"_links":{"self":[{"href":"https:\/\/www.ades-grenoble.org\/wordpress\/wp-json\/wp\/v2\/posts\/4267","targetHints":{"allow":["GET"]}}],"collection":[{"href":"https:\/\/www.ades-grenoble.org\/wordpress\/wp-json\/wp\/v2\/posts"}],"about":[{"href":"https:\/\/www.ades-grenoble.org\/wordpress\/wp-json\/wp\/v2\/types\/post"}],"author":[{"embeddable":true,"href":"https:\/\/www.ades-grenoble.org\/wordpress\/wp-json\/wp\/v2\/users\/1"}],"replies":[{"embeddable":true,"href":"https:\/\/www.ades-grenoble.org\/wordpress\/wp-json\/wp\/v2\/comments?post=4267"}],"version-history":[{"count":10,"href":"https:\/\/www.ades-grenoble.org\/wordpress\/wp-json\/wp\/v2\/posts\/4267\/revisions"}],"predecessor-version":[{"id":4767,"href":"https:\/\/www.ades-grenoble.org\/wordpress\/wp-json\/wp\/v2\/posts\/4267\/revisions\/4767"}],"wp:attachment":[{"href":"https:\/\/www.ades-grenoble.org\/wordpress\/wp-json\/wp\/v2\/media?parent=4267"}],"wp:term":[{"taxonomy":"category","embeddable":true,"href":"https:\/\/www.ades-grenoble.org\/wordpress\/wp-json\/wp\/v2\/categories?post=4267"},{"taxonomy":"post_tag","embeddable":true,"href":"https:\/\/www.ades-grenoble.org\/wordpress\/wp-json\/wp\/v2\/tags?post=4267"}],"curies":[{"name":"wp","href":"https:\/\/api.w.org\/{rel}","templated":true}]}}