{"id":4335,"date":"2011-07-22T21:00:38","date_gmt":"2011-07-22T19:00:38","guid":{"rendered":"http:\/\/www.ades-grenoble.org\/wordpress\/?p=4335"},"modified":"2011-07-22T21:00:38","modified_gmt":"2011-07-22T19:00:38","slug":"sans-mobile-apparent","status":"publish","type":"post","link":"https:\/\/www.ades-grenoble.org\/wordpress\/2011\/07\/22\/sans-mobile-apparent\/","title":{"rendered":"Sans mobile apparent"},"content":{"rendered":"<p>L\u2019implantation d\u2019antennes de t\u00e9l\u00e9phonie mobile a fait grand bruit ces derniers temps, en particulier dans le quartier de la Villeneuve. Ces op\u00e9rations concernaient des b\u00e2timents d\u2019ACTIS, bailleur social de la ville de Grenoble. Du coup, depuis les protestations des habitants du secteur, la Ville a d\u00e9cid\u00e9 d\u2019instaurer un moratoire pour tout nouveau projet d\u2019implantation d\u2019antenne sur les b\u00e2timents publics, et cette derni\u00e8re pr\u00e9cision est d\u2019importance. Appelons cela une s\u00e9ance de rattrapage pour la Ville qui n\u2019avait pas su prendre les devants, car la charte sign\u00e9e en 2005 avec les op\u00e9rateurs de t\u00e9l\u00e9phonie mobile n\u2019a pas \u00e9t\u00e9 renouvel\u00e9e en 2008, sans doute trop contraignante pour les Bouygues, Orange et autres SFR, face auxquels la majorit\u00e9 n\u2019a pas r\u00e9sist\u00e9.<\/p>\n<p>Ainsi, pour le secteur priv\u00e9, rien n\u2019est pr\u00e9vu et les services de la ville se contentent d\u2019instruire le dossier. L\u2019op\u00e9rateur candidat doit bien s\u00fbr obtenir l\u2019accord de la copropri\u00e9t\u00e9 concern\u00e9e (une formalit\u00e9 au regard de l\u2019apport financier), mais personne n\u2019est tenu d\u2019informer les voisins des immeubles alentour. C\u2019est comme cela que Bouygues se pr\u00e9pare \u00e0 installer trois antennes de t\u00e9l\u00e9phonie mobile 38 rue Thiers \u00e0 Grenoble. Les voisins imm\u00e9diats seront sans doute tr\u00e8s heureux de cette nouvelle, comme les personnes \u00e2g\u00e9es dans leur futur \u00e9quipement, les patients et encadrants de l\u2019h\u00f4pital de jour et plus encore la vingtaine d\u2019enfants qui doit prochainement occuper les locaux d\u2019une cr\u00e8che associative, \u00e0 quelques pas de l\u00e0. Une structure tr\u00e8s attendue pour r\u00e9pondre \u00e0 un manque criant d\u2019accueil petite enfance dans ce secteur. Les parents devront-ils encore rechercher d\u2019autres solutions d\u2019accueil, ou accepter que leurs enfants, au m\u00e9pris de leur sant\u00e9, soient sur la m\u00eame longueur d\u2019ondes que Bouygues pour son plus grand profit\u00a0?<\/p>\n","protected":false},"excerpt":{"rendered":"<p>L\u2019implantation d\u2019antennes de t\u00e9l\u00e9phonie mobile a fait grand bruit ces derniers temps, en particulier dans le quartier de la Villeneuve. Ces op\u00e9rations concernaient des b\u00e2timents d\u2019ACTIS, bailleur social de la ville de Grenoble. Du coup, depuis les protestations des habitants du secteur, la Ville a d\u00e9cid\u00e9 d\u2019instaurer un moratoire pour tout nouveau projet d\u2019implantation d\u2019antenne [&hellip;]<\/p>\n","protected":false},"author":1,"featured_media":0,"comment_status":"closed","ping_status":"open","sticky":false,"template":"","format":"standard","meta":{"twitterCardType":"","cardImageID":0,"cardImage":"","cardTitle":"","cardDesc":"","cardImageAlt":"","cardPlayer":"","cardPlayerWidth":0,"cardPlayerHeight":0,"cardPlayerStream":"","cardPlayerCodec":"","footnotes":""},"categories":[1],"tags":[51,82],"class_list":["post-4335","post","type-post","status-publish","format-standard","hentry","category-actus","tag-antennes","tag-villeneuve"],"_links":{"self":[{"href":"https:\/\/www.ades-grenoble.org\/wordpress\/wp-json\/wp\/v2\/posts\/4335","targetHints":{"allow":["GET"]}}],"collection":[{"href":"https:\/\/www.ades-grenoble.org\/wordpress\/wp-json\/wp\/v2\/posts"}],"about":[{"href":"https:\/\/www.ades-grenoble.org\/wordpress\/wp-json\/wp\/v2\/types\/post"}],"author":[{"embeddable":true,"href":"https:\/\/www.ades-grenoble.org\/wordpress\/wp-json\/wp\/v2\/users\/1"}],"replies":[{"embeddable":true,"href":"https:\/\/www.ades-grenoble.org\/wordpress\/wp-json\/wp\/v2\/comments?post=4335"}],"version-history":[{"count":3,"href":"https:\/\/www.ades-grenoble.org\/wordpress\/wp-json\/wp\/v2\/posts\/4335\/revisions"}],"predecessor-version":[{"id":4338,"href":"https:\/\/www.ades-grenoble.org\/wordpress\/wp-json\/wp\/v2\/posts\/4335\/revisions\/4338"}],"wp:attachment":[{"href":"https:\/\/www.ades-grenoble.org\/wordpress\/wp-json\/wp\/v2\/media?parent=4335"}],"wp:term":[{"taxonomy":"category","embeddable":true,"href":"https:\/\/www.ades-grenoble.org\/wordpress\/wp-json\/wp\/v2\/categories?post=4335"},{"taxonomy":"post_tag","embeddable":true,"href":"https:\/\/www.ades-grenoble.org\/wordpress\/wp-json\/wp\/v2\/tags?post=4335"}],"curies":[{"name":"wp","href":"https:\/\/api.w.org\/{rel}","templated":true}]}}