{"id":4339,"date":"2011-07-22T21:01:40","date_gmt":"2011-07-22T19:01:40","guid":{"rendered":"http:\/\/www.ades-grenoble.org\/wordpress\/?p=4339"},"modified":"2011-07-22T21:01:40","modified_gmt":"2011-07-22T19:01:40","slug":"le-groupe-ps-et-apparente-derape","status":"publish","type":"post","link":"https:\/\/www.ades-grenoble.org\/wordpress\/2011\/07\/22\/le-groupe-ps-et-apparente-derape\/","title":{"rendered":"Le groupe PS et apparent\u00e9 d\u00e9rape"},"content":{"rendered":"<p>Dans les\u00a0\u00bb br\u00e8ves\u00a0\u00bb n\u00b013 du groupe des \u00e9lus PS et apparent\u00e9s de la mairie de Grenoble, envoy\u00e9 par mel \u00e0 de nombreux grenoblois, un paragraphe s\u2019intitule\u00a0: \u00ab\u00a0les \u00e9cologistes contre le logement social\u00a0\u00bb. Suit un tissu de contre-v\u00e9rit\u00e9s et de mensonges expliquant qu\u2019\u00a0\u00bbune partie\u00a0\u00bb des \u00e9cologistes d\u00e9pose des recours contre le logement social, car ils ne veulent pas de logements social dans leur quartier\u00a0!<\/p>\n<p>Le groupe PS et apparent\u00e9 n&rsquo;a plus d&rsquo;argument pour d\u00e9fendre ses d\u00e9cisions ill\u00e9gales et cherche donc \u00e0 discr\u00e9diter ceux qui font respecter la l\u00e9galit\u00e9 d\u00e9mocratique.<\/p>\n<p>Les faits rappellent que ce sont les \u00e9cologistes qui ont \u00e9t\u00e9 et restent les meilleurs d\u00e9fenseurs du vrai logement social de qualit\u00e9 \u00e0 Grenoble et dans l&rsquo;agglom\u00e9ration.<\/p>\n<p>En cons\u00e9quence nous prendrons les dispositions qui s\u2019imposent pour mettre fin \u00e0 ces pratiques d\u2019un autre temps, propres aux partis de la droite extr\u00eame qui ne peuvent avoir cours dans une d\u00e9mocratie digne de ce nom.<\/p>\n","protected":false},"excerpt":{"rendered":"<p>Dans les\u00a0\u00bb br\u00e8ves\u00a0\u00bb n\u00b013 du groupe des \u00e9lus PS et apparent\u00e9s de la mairie de Grenoble, envoy\u00e9 par mel \u00e0 de nombreux grenoblois, un paragraphe s\u2019intitule\u00a0: \u00ab\u00a0les \u00e9cologistes contre le logement social\u00a0\u00bb. Suit un tissu de contre-v\u00e9rit\u00e9s et de mensonges expliquant qu\u2019\u00a0\u00bbune partie\u00a0\u00bb des \u00e9cologistes d\u00e9pose des recours contre le logement social, car ils ne [&hellip;]<\/p>\n","protected":false},"author":1,"featured_media":0,"comment_status":"closed","ping_status":"open","sticky":false,"template":"","format":"standard","meta":{"twitterCardType":"","cardImageID":0,"cardImage":"","cardTitle":"","cardDesc":"","cardImageAlt":"","cardPlayer":"","cardPlayerWidth":0,"cardPlayerHeight":0,"cardPlayerStream":"","cardPlayerCodec":"","footnotes":""},"categories":[1],"tags":[66],"class_list":["post-4339","post","type-post","status-publish","format-standard","hentry","category-actus","tag-logement"],"_links":{"self":[{"href":"https:\/\/www.ades-grenoble.org\/wordpress\/wp-json\/wp\/v2\/posts\/4339","targetHints":{"allow":["GET"]}}],"collection":[{"href":"https:\/\/www.ades-grenoble.org\/wordpress\/wp-json\/wp\/v2\/posts"}],"about":[{"href":"https:\/\/www.ades-grenoble.org\/wordpress\/wp-json\/wp\/v2\/types\/post"}],"author":[{"embeddable":true,"href":"https:\/\/www.ades-grenoble.org\/wordpress\/wp-json\/wp\/v2\/users\/1"}],"replies":[{"embeddable":true,"href":"https:\/\/www.ades-grenoble.org\/wordpress\/wp-json\/wp\/v2\/comments?post=4339"}],"version-history":[{"count":2,"href":"https:\/\/www.ades-grenoble.org\/wordpress\/wp-json\/wp\/v2\/posts\/4339\/revisions"}],"predecessor-version":[{"id":4341,"href":"https:\/\/www.ades-grenoble.org\/wordpress\/wp-json\/wp\/v2\/posts\/4339\/revisions\/4341"}],"wp:attachment":[{"href":"https:\/\/www.ades-grenoble.org\/wordpress\/wp-json\/wp\/v2\/media?parent=4339"}],"wp:term":[{"taxonomy":"category","embeddable":true,"href":"https:\/\/www.ades-grenoble.org\/wordpress\/wp-json\/wp\/v2\/categories?post=4339"},{"taxonomy":"post_tag","embeddable":true,"href":"https:\/\/www.ades-grenoble.org\/wordpress\/wp-json\/wp\/v2\/tags?post=4339"}],"curies":[{"name":"wp","href":"https:\/\/api.w.org\/{rel}","templated":true}]}}