{"id":4477,"date":"2011-09-09T21:35:05","date_gmt":"2011-09-09T19:35:05","guid":{"rendered":"http:\/\/www.ades-grenoble.org\/wordpress\/?p=4477"},"modified":"2011-09-09T21:41:03","modified_gmt":"2011-09-09T19:41:03","slug":"le-point-sur-le-dossier-presqu-ile","status":"publish","type":"post","link":"https:\/\/www.ades-grenoble.org\/wordpress\/2011\/09\/09\/le-point-sur-le-dossier-presqu-ile\/","title":{"rendered":"Le point sur le dossier Presqu&rsquo;\u00eele"},"content":{"rendered":"<h3>PLU : la majorit\u00e9 municipale admet enfin qu\u2019elle s\u2019est tromp\u00e9e\u2026<\/h3>\n<p>Le 16 mai 2011, <a href=\"http:\/\/www.ades-grenoble.org\/wordpress\/2011\/05\/20\/le-plu-de-la-presquile-annule\/\">le Tribunal administratif annule la r\u00e9vision simplifi\u00e9e du PLU (Plan Local d&rsquo;Urbanisme) de la Presqu\u2019\u00eele<\/a>. Au lieu d\u2019admettre imm\u00e9diatement son erreur, <a href=\"http:\/\/www.ades-grenoble.org\/wordpress\/2011\/05\/31\/l%e2%80%99enfer-c%e2%80%99est-les-autres\/\">la majorit\u00e9 municipale a essay\u00e9 de faire croire que la faute \u00e9tait imputable \u00e0 ceux qui avaient d\u00e9nonc\u00e9 l\u2019ill\u00e9galit\u00e9<\/a>\u00a0d\u2019une r\u00e9vision simplifi\u00e9e pour une op\u00e9ration (l&rsquo;am\u00e9nagement de la Presqu\u2019\u00eele) de cette importance\u00a0! Pourtant, la majorit\u00e9 municipale aurait eu la possibilit\u00e9 de faire appel de ce jugement, mais elle ne l\u2019a pas fait, reconnaissant implicitement son erreur. En cons\u00e9quence le plan d\u2019urbanisme actuellement en vigueur sur la Presqu\u2019\u00eele est l\u2019ancien PLU.<\/p>\n<h3><img loading=\"lazy\" decoding=\"async\" class=\"alignleft size-thumbnail wp-image-575\" style=\"margin: 5px;\" title=\"nitunnelniviaduc\" src=\"http:\/\/www.ades-grenoble.org\/wordpress\/wp-content\/uploads\/2009\/07\/nitunnelniviaduc-150x150.jpg\" alt=\"\" width=\"120\" height=\"120\" \/>Une tr\u00e8s bonne nouvelle : les derni\u00e8res traces de la Rocade s&rsquo;effacent&#8230;<\/h3>\n<p>Une modification simplifi\u00e9e du PLU est en cours, qui doit supprimer des emplacements r\u00e9serv\u00e9s, en particulier ceux pour la rocade-nord, ce qui signifie l\u2019abandon pour longtemps (esp\u00e9rons pour toujours) de ce projet d\u2019un autre \u00e2ge, pourtant vivement soutenu par le maire et sa majorit\u00e9 (cela faisait partie des promesses du candidat Destot). Des registres sont ouverts jusqu\u2019au 5 octobre \u00e0 la mairie et \u00e0 la Plateforme pour recueillir les observations du public.<\/p>\n","protected":false},"excerpt":{"rendered":"<p>PLU : la majorit\u00e9 municipale admet enfin qu\u2019elle s\u2019est tromp\u00e9e\u2026 Le 16 mai 2011, le Tribunal administratif annule la r\u00e9vision simplifi\u00e9e du PLU (Plan Local d&rsquo;Urbanisme) de la Presqu\u2019\u00eele. Au lieu d\u2019admettre imm\u00e9diatement son erreur, la majorit\u00e9 municipale a essay\u00e9 de faire croire que la faute \u00e9tait imputable \u00e0 ceux qui avaient d\u00e9nonc\u00e9 l\u2019ill\u00e9galit\u00e9\u00a0d\u2019une r\u00e9vision [&hellip;]<\/p>\n","protected":false},"author":1,"featured_media":0,"comment_status":"closed","ping_status":"open","sticky":false,"template":"","format":"standard","meta":{"twitterCardType":"","cardImageID":0,"cardImage":"","cardTitle":"","cardDesc":"","cardImageAlt":"","cardPlayer":"","cardPlayerWidth":0,"cardPlayerHeight":0,"cardPlayerStream":"","cardPlayerCodec":"","footnotes":""},"categories":[1],"tags":[234,24,65],"class_list":["post-4477","post","type-post","status-publish","format-standard","hentry","category-actus","tag-giant","tag-rocade-nord","tag-urbanisme"],"_links":{"self":[{"href":"https:\/\/www.ades-grenoble.org\/wordpress\/wp-json\/wp\/v2\/posts\/4477","targetHints":{"allow":["GET"]}}],"collection":[{"href":"https:\/\/www.ades-grenoble.org\/wordpress\/wp-json\/wp\/v2\/posts"}],"about":[{"href":"https:\/\/www.ades-grenoble.org\/wordpress\/wp-json\/wp\/v2\/types\/post"}],"author":[{"embeddable":true,"href":"https:\/\/www.ades-grenoble.org\/wordpress\/wp-json\/wp\/v2\/users\/1"}],"replies":[{"embeddable":true,"href":"https:\/\/www.ades-grenoble.org\/wordpress\/wp-json\/wp\/v2\/comments?post=4477"}],"version-history":[{"count":11,"href":"https:\/\/www.ades-grenoble.org\/wordpress\/wp-json\/wp\/v2\/posts\/4477\/revisions"}],"predecessor-version":[{"id":4488,"href":"https:\/\/www.ades-grenoble.org\/wordpress\/wp-json\/wp\/v2\/posts\/4477\/revisions\/4488"}],"wp:attachment":[{"href":"https:\/\/www.ades-grenoble.org\/wordpress\/wp-json\/wp\/v2\/media?parent=4477"}],"wp:term":[{"taxonomy":"category","embeddable":true,"href":"https:\/\/www.ades-grenoble.org\/wordpress\/wp-json\/wp\/v2\/categories?post=4477"},{"taxonomy":"post_tag","embeddable":true,"href":"https:\/\/www.ades-grenoble.org\/wordpress\/wp-json\/wp\/v2\/tags?post=4477"}],"curies":[{"name":"wp","href":"https:\/\/api.w.org\/{rel}","templated":true}]}}