{"id":4521,"date":"2011-09-17T11:45:26","date_gmt":"2011-09-17T09:45:26","guid":{"rendered":"http:\/\/www.ades-grenoble.org\/wordpress\/?p=4521"},"modified":"2011-09-17T11:48:43","modified_gmt":"2011-09-17T09:48:43","slug":"hp-une-bonne-nouvelle","status":"publish","type":"post","link":"https:\/\/www.ades-grenoble.org\/wordpress\/2011\/09\/17\/hp-une-bonne-nouvelle\/","title":{"rendered":"HP, une bonne nouvelle"},"content":{"rendered":"<p>Le PDG d\u2019Hewlett-Packard France est venu le 13 septembre \u00e0 Grenoble pour annoncer l\u2019abandon d\u2019un plan de d\u00e9localisation de 50% des postes grenoblois du service apr\u00e8s-vente en charge de la zone Europe Moyen-Orient Afrique. Cela solde positivement presque un an d\u2019une lutte mise sur la place publique en d\u00e9cembre dernier\u2026<\/p>\n<p>Dans le cadre de ce plan, la direction avait demand\u00e9 au directeur du service de proc\u00e9der \u00e0 une d\u00e9localisation de la majorit\u00e9 des salari\u00e9s d\u2019Europe de l\u2019Ouest. Ce dernier s\u2019\u00e9tait oppos\u00e9 \u00e0 cette d\u00e9cision, en d\u00e9saccord avec cette restructuration. Elle ne r\u00e9pondait \u00e0 aucune rationalit\u00e9 \u00e9conomique et niait les excellents r\u00e9sultats de ces \u00e9quipes pour un dogme aberrant. Il a donc \u00e9t\u00e9 licenci\u00e9 rapidement. Cette proc\u00e9dure exp\u00e9ditive a d\u00e9clench\u00e9 une r\u00e9action collective des cadres, plut\u00f4t \u00e9tonnante : une gr\u00e8ve de soutien tr\u00e8s suivie en d\u00e9cembre 2010, \u00e0 l\u2019appel des 5 syndicats. Et un combat qui a donc port\u00e9 ses fruits mardi.<\/p>\n<div id=\"attachment_4526\" style=\"width: 109px\" class=\"wp-caption alignleft\"><img loading=\"lazy\" decoding=\"async\" aria-describedby=\"caption-attachment-4526\" class=\"size-thumbnail wp-image-4526 \" title=\"Eric-Piolle\" src=\"http:\/\/www.ades-grenoble.org\/wordpress\/wp-content\/uploads\/2011\/09\/Eric-Piolle-99x150.jpg\" alt=\"\" width=\"99\" height=\"150\" srcset=\"https:\/\/www.ades-grenoble.org\/wordpress\/wp-content\/uploads\/2011\/09\/Eric-Piolle-99x150.jpg 99w, https:\/\/www.ades-grenoble.org\/wordpress\/wp-content\/uploads\/2011\/09\/Eric-Piolle.jpg 147w\" sizes=\"auto, (max-width: 99px) 100vw, 99px\" \/><p id=\"caption-attachment-4526\" class=\"wp-caption-text\">Tous droits r\u00e9serv\u00e9s<\/p><\/div>\n<p>Ce manager, qui a fait pr\u00e9valoir les int\u00e9r\u00eats collectifs de l&rsquo;entreprise et de ses salari\u00e9s s&rsquo;appelle <a title=\"Qui est Eric Piolle\" href=\"http:\/\/rhonealpes.elusecolos.fr\/qui-nous-sommes\/4640-eric-piolle\/\" target=\"_blank\">Eric Piolle. Nouvellement engag\u00e9 en politique, il est \u00e9lu r\u00e9gional Europe-Ecologie les Verts depuis mars 2010 et m\u00eame Co-Pr\u00e9sident du groupe des 37 \u00e9lus \u00e9cologistes \u00e0 la R\u00e9gion<\/a>. En mettant en accord ses actes et ses id\u00e9es, Eric Piolle a perdu son emploi mais d\u00e9montr\u00e9 sa capacit\u00e9 \u00e0 assumer personnellement un choix difficile. C&rsquo;est assez rare, dans les \u00e9chelons sup\u00e9rieurs de direction des entreprises comme dans le milieu politique, pour \u00eatre salu\u00e9.<\/p>\n<p>Et c\u2019est manifestement efficace\u00a0!!!<\/p>\n","protected":false},"excerpt":{"rendered":"<p>Le PDG d\u2019Hewlett-Packard France est venu le 13 septembre \u00e0 Grenoble pour annoncer l\u2019abandon d\u2019un plan de d\u00e9localisation de 50% des postes grenoblois du service apr\u00e8s-vente en charge de la zone Europe Moyen-Orient Afrique. Cela solde positivement presque un an d\u2019une lutte mise sur la place publique en d\u00e9cembre dernier\u2026 Dans le cadre de ce [&hellip;]<\/p>\n","protected":false},"author":1,"featured_media":0,"comment_status":"closed","ping_status":"open","sticky":false,"template":"","format":"standard","meta":{"twitterCardType":"","cardImageID":0,"cardImage":"","cardTitle":"","cardDesc":"","cardImageAlt":"","cardPlayer":"","cardPlayerWidth":0,"cardPlayerHeight":0,"cardPlayerStream":"","cardPlayerCodec":"","footnotes":""},"categories":[1],"tags":[12,33],"class_list":["post-4521","post","type-post","status-publish","format-standard","hentry","category-actus","tag-mobilisations","tag-social"],"_links":{"self":[{"href":"https:\/\/www.ades-grenoble.org\/wordpress\/wp-json\/wp\/v2\/posts\/4521","targetHints":{"allow":["GET"]}}],"collection":[{"href":"https:\/\/www.ades-grenoble.org\/wordpress\/wp-json\/wp\/v2\/posts"}],"about":[{"href":"https:\/\/www.ades-grenoble.org\/wordpress\/wp-json\/wp\/v2\/types\/post"}],"author":[{"embeddable":true,"href":"https:\/\/www.ades-grenoble.org\/wordpress\/wp-json\/wp\/v2\/users\/1"}],"replies":[{"embeddable":true,"href":"https:\/\/www.ades-grenoble.org\/wordpress\/wp-json\/wp\/v2\/comments?post=4521"}],"version-history":[{"count":6,"href":"https:\/\/www.ades-grenoble.org\/wordpress\/wp-json\/wp\/v2\/posts\/4521\/revisions"}],"predecessor-version":[{"id":4529,"href":"https:\/\/www.ades-grenoble.org\/wordpress\/wp-json\/wp\/v2\/posts\/4521\/revisions\/4529"}],"wp:attachment":[{"href":"https:\/\/www.ades-grenoble.org\/wordpress\/wp-json\/wp\/v2\/media?parent=4521"}],"wp:term":[{"taxonomy":"category","embeddable":true,"href":"https:\/\/www.ades-grenoble.org\/wordpress\/wp-json\/wp\/v2\/categories?post=4521"},{"taxonomy":"post_tag","embeddable":true,"href":"https:\/\/www.ades-grenoble.org\/wordpress\/wp-json\/wp\/v2\/tags?post=4521"}],"curies":[{"name":"wp","href":"https:\/\/api.w.org\/{rel}","templated":true}]}}