{"id":4776,"date":"2011-11-05T13:42:25","date_gmt":"2011-11-05T11:42:25","guid":{"rendered":"http:\/\/www.ades-grenoble.org\/wordpress\/?p=4776"},"modified":"2011-11-05T13:42:25","modified_gmt":"2011-11-05T11:42:25","slug":"chauffage-urbain-suite-2","status":"publish","type":"post","link":"https:\/\/www.ades-grenoble.org\/wordpress\/2011\/11\/05\/chauffage-urbain-suite-2\/","title":{"rendered":"Chauffage urbain, suite"},"content":{"rendered":"<p>Les diff\u00e9rents conseils municipaux ont adopt\u00e9 avec plus ou moins de difficult\u00e9s les avenants changeant les tarifs du chauffage urbain \u00e0 partir du 1er novembre 2011. Lors du Conseil municipal du 17 octobre \u00e0 Grenoble, le 1er adjoint s\u2019est engag\u00e9 \u00e0 travailler avec les \u00e9lus \u00e9cologistes sur leur proposition d\u2019amendement, <a href=\"http:\/\/www.grenoble-ecologie-solidarite.fr\/grenoble2008\/spip.php?article1257\" target=\"_blank\">c\u2019est suite \u00e0 cet engagement positif que le groupe des \u00e9lus \u00ab\u00a0Ecologie et Solidarit\u00e9\u00a0\u00bb s\u2019est abstenu sur l\u2019avenant<\/a>, alors qu\u2019il avait pr\u00e9vu de voter contre. Pour l\u2019instant cette r\u00e9union de travail n\u2019a toujours pas eu lieu. Souhaitons que le 1er adjoint tienne rapidement cette promesse faite publiquement lors d\u2019un conseil municipal. Les \u00e9lus \u00ab\u00a0Ecologie et solidarit\u00e9\u00a0\u00bb ont demand\u00e9 des renseignements pr\u00e9cis sur l\u2019\u00e9volution des puissances tarifaires suite \u00e0 l\u2019adoption de l\u2019avenant, ils n\u2019ont toujours rien re\u00e7u\u2026<\/p>\n","protected":false},"excerpt":{"rendered":"<p>Les diff\u00e9rents conseils municipaux ont adopt\u00e9 avec plus ou moins de difficult\u00e9s les avenants changeant les tarifs du chauffage urbain \u00e0 partir du 1er novembre 2011. Lors du Conseil municipal du 17 octobre \u00e0 Grenoble, le 1er adjoint s\u2019est engag\u00e9 \u00e0 travailler avec les \u00e9lus \u00e9cologistes sur leur proposition d\u2019amendement, c\u2019est suite \u00e0 cet engagement [&hellip;]<\/p>\n","protected":false},"author":1,"featured_media":0,"comment_status":"closed","ping_status":"open","sticky":false,"template":"","format":"standard","meta":{"twitterCardType":"","cardImageID":0,"cardImage":"","cardTitle":"","cardDesc":"","cardImageAlt":"","cardPlayer":"","cardPlayerWidth":0,"cardPlayerHeight":0,"cardPlayerStream":"","cardPlayerCodec":"","footnotes":""},"categories":[11],"tags":[27,55],"class_list":["post-4776","post","type-post","status-publish","format-standard","hentry","category-politique-locale","tag-cie-de-chauffage","tag-tarifs-publics"],"_links":{"self":[{"href":"https:\/\/www.ades-grenoble.org\/wordpress\/wp-json\/wp\/v2\/posts\/4776","targetHints":{"allow":["GET"]}}],"collection":[{"href":"https:\/\/www.ades-grenoble.org\/wordpress\/wp-json\/wp\/v2\/posts"}],"about":[{"href":"https:\/\/www.ades-grenoble.org\/wordpress\/wp-json\/wp\/v2\/types\/post"}],"author":[{"embeddable":true,"href":"https:\/\/www.ades-grenoble.org\/wordpress\/wp-json\/wp\/v2\/users\/1"}],"replies":[{"embeddable":true,"href":"https:\/\/www.ades-grenoble.org\/wordpress\/wp-json\/wp\/v2\/comments?post=4776"}],"version-history":[{"count":2,"href":"https:\/\/www.ades-grenoble.org\/wordpress\/wp-json\/wp\/v2\/posts\/4776\/revisions"}],"predecessor-version":[{"id":4778,"href":"https:\/\/www.ades-grenoble.org\/wordpress\/wp-json\/wp\/v2\/posts\/4776\/revisions\/4778"}],"wp:attachment":[{"href":"https:\/\/www.ades-grenoble.org\/wordpress\/wp-json\/wp\/v2\/media?parent=4776"}],"wp:term":[{"taxonomy":"category","embeddable":true,"href":"https:\/\/www.ades-grenoble.org\/wordpress\/wp-json\/wp\/v2\/categories?post=4776"},{"taxonomy":"post_tag","embeddable":true,"href":"https:\/\/www.ades-grenoble.org\/wordpress\/wp-json\/wp\/v2\/tags?post=4776"}],"curies":[{"name":"wp","href":"https:\/\/api.w.org\/{rel}","templated":true}]}}