{"id":4880,"date":"2011-11-25T23:11:26","date_gmt":"2011-11-25T21:11:26","guid":{"rendered":"http:\/\/www.ades-grenoble.org\/wordpress\/?p=4880"},"modified":"2011-11-25T23:25:25","modified_gmt":"2011-11-25T21:25:25","slug":"service-public-a-leau","status":"publish","type":"post","link":"https:\/\/www.ades-grenoble.org\/wordpress\/2011\/11\/25\/service-public-a-leau\/","title":{"rendered":"Service public \u00e0 l\u2019eau"},"content":{"rendered":"<p>La gestion du Stade des Alpes semble en faire saliver plus d\u2019un, et parmi les candidats, on trouve de tout. Des multinationales du BTP et des autoroutes qui au fil des ann\u00e9es ont saut\u00e9 sur toutes les occasions offertes par le secteur public pour se diversifier, des petites entreprises (qui ne doivent pas conna\u00eetre la crise) et m\u00eame une association.<\/p>\n<p>Constatant la descente vertigineuse du GF38 pass\u00e9 de ligue 1 (\u00e9lite du football professionnel) en CFA 2 ( 5\u00e8me division amateur), la M\u00e9tro (communaut\u00e9 d\u2019agglom\u00e9ration) propri\u00e9taire du Stade des Alpes a d\u00e9cid\u00e9 en avril dernier de lancer un appel \u00e0 candidature en vue d\u2019une d\u00e9l\u00e9gation de service public sous forme d\u2019affermage.<\/p>\n<p>Les investissements restant \u00e0 la charge du propri\u00e9taire, le pr\u00e9tendant retenu (autrement appel\u00e9 le fermier) qui versera une redevance, prendra \u00e9galement \u00e0 son compte les travaux d\u2019entretien. Outre les recettes issues de l\u2019exploitation du stade, le titulaire pourra percevoir des recettes publicitaires mais aussi des subventions publiques.<\/p>\n<p>L\u2019objectif de cette d\u00e9l\u00e9gation est \u00e9videmment de rentabiliser cet \u00e9quipement en augmentant les manifestations sportives (hors football), spectacles, concerts, location de salons, s\u00e9minaires, activit\u00e9s \u00e9conomiques, commercialisation des espaces commerciaux\u2026 Mais n\u2019est-ce pas d\u00e9j\u00e0 ce que tentent de faire en ordre dispers\u00e9 et avec toutes les difficult\u00e9s que l\u2019on conna\u00eet, Alpexpo, Alpes Congr\u00e8s, le Summum, le Palais des Sports, l\u2019Office du Tourisme\u00a0?<\/p>\n<p><!--more-->En n\u00e9gligeant une vision d\u2019ensemble, les \u00e9lus d\u00e9cisionnaires se sont focalis\u00e9s sur le seul \u00ab\u00a0sauvetage\u00a0\u00bb du Stade des Alpes. Et si nous n\u2019avons jamais cess\u00e9 de dire que cet \u00e9quipement \u00e9tait trop grand, trop cher, mal plac\u00e9, nous avons \u00e9galement soulign\u00e9 le danger de sa conception\u00a0: une fonction unique et la privatisation de fait par le GF 38 qui interdisaient toute ouverture \u00e0 un service public digne de ce nom. Aujourd\u2019hui si le d\u00e9l\u00e9gataire remplit l\u2019ensemble des conditions \u00e9mises par la M\u00e9tro, le Stade des Alpes sera un concurrent direct suppl\u00e9mentaire des \u00e9quipements cit\u00e9s plus hauts, au risque qu\u2019\u00e0 terme, tous, y compris le stade s\u2019en trouvent encore plus fragilis\u00e9s.<\/p>\n<p>A moins que, puisque parmi les pr\u00e9tendants on compte des sp\u00e9cialistes des sports aquatiques, l\u2019un d\u2019eux ne propose un stade\u2026 nautique, avec un bassin olympique qui manque cruellement dans l\u2019agglom\u00e9ration. On peut toujours r\u00eaver mais \u00e0 l\u2019\u00e9vidence, pour ne pas faire de vagues, ces candidats ne d\u00e9rogeront pas aux conditions pos\u00e9es par la M\u00e9tro. C\u2019\u00e9tait une plaisanterie\u00a0? Pas si s\u00fbr\u00a0! Apr\u00e8s tout, cette id\u00e9e en vaut bien d\u2019autres, comme celle d\u2019avoir d\u00e9cid\u00e9 la construction du stade des Alpes.<\/p>\n<p>Rep\u00e8res financiers\u00a0: les co\u00fbts du stade la charge de la M\u00e9tro (chiffres officiels)\u00a0:<\/p>\n<ul>\n<li>En Investissement\u00a0 par an\u00a0: 4,8M\u20ac pendant 20 ans.<\/li>\n<li>En Fonctionnement par an\u00a0: 2,7 M\u20ac<\/li>\n<\/ul>\n","protected":false},"excerpt":{"rendered":"<p>La gestion du Stade des Alpes semble en faire saliver plus d\u2019un, et parmi les candidats, on trouve de tout. Des multinationales du BTP et des autoroutes qui au fil des ann\u00e9es ont saut\u00e9 sur toutes les occasions offertes par le secteur public pour se diversifier, des petites entreprises (qui ne doivent pas conna\u00eetre la [&hellip;]<\/p>\n","protected":false},"author":1,"featured_media":0,"comment_status":"closed","ping_status":"open","sticky":false,"template":"","format":"standard","meta":{"twitterCardType":"","cardImageID":0,"cardImage":"","cardTitle":"","cardDesc":"","cardImageAlt":"","cardPlayer":"","cardPlayerWidth":0,"cardPlayerHeight":0,"cardPlayerStream":"","cardPlayerCodec":"","footnotes":""},"categories":[11],"tags":[233],"class_list":["post-4880","post","type-post","status-publish","format-standard","hentry","category-politique-locale","tag-stade"],"_links":{"self":[{"href":"https:\/\/www.ades-grenoble.org\/wordpress\/wp-json\/wp\/v2\/posts\/4880","targetHints":{"allow":["GET"]}}],"collection":[{"href":"https:\/\/www.ades-grenoble.org\/wordpress\/wp-json\/wp\/v2\/posts"}],"about":[{"href":"https:\/\/www.ades-grenoble.org\/wordpress\/wp-json\/wp\/v2\/types\/post"}],"author":[{"embeddable":true,"href":"https:\/\/www.ades-grenoble.org\/wordpress\/wp-json\/wp\/v2\/users\/1"}],"replies":[{"embeddable":true,"href":"https:\/\/www.ades-grenoble.org\/wordpress\/wp-json\/wp\/v2\/comments?post=4880"}],"version-history":[{"count":3,"href":"https:\/\/www.ades-grenoble.org\/wordpress\/wp-json\/wp\/v2\/posts\/4880\/revisions"}],"predecessor-version":[{"id":4899,"href":"https:\/\/www.ades-grenoble.org\/wordpress\/wp-json\/wp\/v2\/posts\/4880\/revisions\/4899"}],"wp:attachment":[{"href":"https:\/\/www.ades-grenoble.org\/wordpress\/wp-json\/wp\/v2\/media?parent=4880"}],"wp:term":[{"taxonomy":"category","embeddable":true,"href":"https:\/\/www.ades-grenoble.org\/wordpress\/wp-json\/wp\/v2\/categories?post=4880"},{"taxonomy":"post_tag","embeddable":true,"href":"https:\/\/www.ades-grenoble.org\/wordpress\/wp-json\/wp\/v2\/tags?post=4880"}],"curies":[{"name":"wp","href":"https:\/\/api.w.org\/{rel}","templated":true}]}}