{"id":4937,"date":"2011-12-02T23:05:58","date_gmt":"2011-12-02T21:05:58","guid":{"rendered":"http:\/\/www.ades-grenoble.org\/wordpress\/?p=4937"},"modified":"2011-12-02T23:05:58","modified_gmt":"2011-12-02T21:05:58","slug":"une-politique-forte-vers-les-associations-de-la-solidarite","status":"publish","type":"post","link":"https:\/\/www.ades-grenoble.org\/wordpress\/2011\/12\/02\/une-politique-forte-vers-les-associations-de-la-solidarite\/","title":{"rendered":"Une politique forte vers les associations de la solidarit\u00e9"},"content":{"rendered":"<p>La situation sociale se d\u00e9grade \u00e0 grande vitesse. Le ch\u00f4mage est en train d\u2019exploser jetant dans la pr\u00e9carit\u00e9 et les difficult\u00e9s de nombreux habitants. Les mal-log\u00e9s et les sans logis se multiplient et l\u2019hiver rend leurs situations intenables. Le reste \u00e0 vivre, apr\u00e8s avoir pay\u00e9 le loyer, les charges et l\u2019indispensable, diminue comme peau de chagrin pour de nombreux m\u00e9nages quand il n\u2019est pas n\u00e9gatif entra\u00eenant la spirale du surendettement.<\/p>\n<p>Face \u00e0 cette d\u00e9gradation qui d\u00e9truit le lien social et qui est contraire aux valeurs de la r\u00e9publique, l\u2019Etat \u00e0 travers la politique gouvernementale se d\u00e9sengage \u00e0 toute vitesse. Sa politique d\u2019aust\u00e9rit\u00e9 ne fait qu\u2019aggraver la situation. Les collectivit\u00e9s territoriales poursuivent leur politique sans prendre r\u00e9ellement en compte la nouvelle r\u00e9alit\u00e9.<\/p>\n<p>Au dernier \u00e9chelon se trouvent les communes qui devraient \u00eatre le lieu o\u00f9 s\u2019\u00e9laborent les strat\u00e9gies de r\u00e9sistance en entra\u00eenant derri\u00e8re elles les autres \u00e9chelons du mille-feuille administratif.<\/p>\n<p>Qui est maintenant en premi\u00e8re ligne face \u00e0 cette d\u00e9gradation\u00a0? Les associations du secteur de l\u2019action sociale et de la solidarit\u00e9 qui pour la plupart remplissent, dans des conditions devenues d\u00e9plorables, les missions que d\u00e9laisse de plus en plus le service public.<\/p>\n<p><!--more-->Il serait temps que la ville de Grenoble et son maire prennent enfin la mesure de la situation et r\u00e9oriente une partie de la politique municipale dont les priorit\u00e9s doivent changer au plus vite. Par exemple, nous avons d\u00e9nonc\u00e9, lors de la pr\u00e9paration budg\u00e9taire la volont\u00e9 de la ville de financer les associations du secteur social sur projets et non, comme il le faudrait, sous forme de forfait pour leur assurer un fonctionnement p\u00e9renne. Il va falloir que le Conseil municipal tranche lors du vote du budget sur les nouvelles priorit\u00e9s (le social avant la fuite dans des politiques de prestige inadapt\u00e9es) et r\u00e9organise les services pour qu\u2019ils soient encore plus disponibles sur le terrain pour aider les habitants et les associations qui se retrouvent en premi\u00e8re ligne.<\/p>\n<p>En son temps le directeur (b\u00e9n\u00e9vole) de l\u2019ODTI avait propos\u00e9 d\u2019organiser des Etats G\u00e9n\u00e9raux et G\u00e9n\u00e9reux des Associations (EGGA) pour que ces derni\u00e8res r\u00e9agissent collectivement et fassent des propositions aux pouvoirs publics pour essayer de r\u00e9sister au mieux \u00e0 la d\u00e9gradation sociale. La situation impose de relancer une telle initiative avant que de nombreuses associations mettent la clef sous la porte.<\/p>\n","protected":false},"excerpt":{"rendered":"<p>La situation sociale se d\u00e9grade \u00e0 grande vitesse. Le ch\u00f4mage est en train d\u2019exploser jetant dans la pr\u00e9carit\u00e9 et les difficult\u00e9s de nombreux habitants. Les mal-log\u00e9s et les sans logis se multiplient et l\u2019hiver rend leurs situations intenables. Le reste \u00e0 vivre, apr\u00e8s avoir pay\u00e9 le loyer, les charges et l\u2019indispensable, diminue comme peau de [&hellip;]<\/p>\n","protected":false},"author":1,"featured_media":0,"comment_status":"closed","ping_status":"open","sticky":false,"template":"","format":"standard","meta":{"twitterCardType":"","cardImageID":0,"cardImage":"","cardTitle":"","cardDesc":"","cardImageAlt":"","cardPlayer":"","cardPlayerWidth":0,"cardPlayerHeight":0,"cardPlayerStream":"","cardPlayerCodec":"","footnotes":""},"categories":[11],"tags":[47,33],"class_list":["post-4937","post","type-post","status-publish","format-standard","hentry","category-politique-locale","tag-budget-alternatif","tag-social"],"_links":{"self":[{"href":"https:\/\/www.ades-grenoble.org\/wordpress\/wp-json\/wp\/v2\/posts\/4937","targetHints":{"allow":["GET"]}}],"collection":[{"href":"https:\/\/www.ades-grenoble.org\/wordpress\/wp-json\/wp\/v2\/posts"}],"about":[{"href":"https:\/\/www.ades-grenoble.org\/wordpress\/wp-json\/wp\/v2\/types\/post"}],"author":[{"embeddable":true,"href":"https:\/\/www.ades-grenoble.org\/wordpress\/wp-json\/wp\/v2\/users\/1"}],"replies":[{"embeddable":true,"href":"https:\/\/www.ades-grenoble.org\/wordpress\/wp-json\/wp\/v2\/comments?post=4937"}],"version-history":[{"count":3,"href":"https:\/\/www.ades-grenoble.org\/wordpress\/wp-json\/wp\/v2\/posts\/4937\/revisions"}],"predecessor-version":[{"id":4940,"href":"https:\/\/www.ades-grenoble.org\/wordpress\/wp-json\/wp\/v2\/posts\/4937\/revisions\/4940"}],"wp:attachment":[{"href":"https:\/\/www.ades-grenoble.org\/wordpress\/wp-json\/wp\/v2\/media?parent=4937"}],"wp:term":[{"taxonomy":"category","embeddable":true,"href":"https:\/\/www.ades-grenoble.org\/wordpress\/wp-json\/wp\/v2\/categories?post=4937"},{"taxonomy":"post_tag","embeddable":true,"href":"https:\/\/www.ades-grenoble.org\/wordpress\/wp-json\/wp\/v2\/tags?post=4937"}],"curies":[{"name":"wp","href":"https:\/\/api.w.org\/{rel}","templated":true}]}}