{"id":4941,"date":"2011-12-02T23:08:11","date_gmt":"2011-12-02T21:08:11","guid":{"rendered":"http:\/\/www.ades-grenoble.org\/wordpress\/?p=4941"},"modified":"2011-12-02T23:12:41","modified_gmt":"2011-12-02T21:12:41","slug":"a480-presquile-donner-son-avis-cest-important","status":"publish","type":"post","link":"https:\/\/www.ades-grenoble.org\/wordpress\/2011\/12\/02\/a480-presquile-donner-son-avis-cest-important\/","title":{"rendered":"A480, presqu&rsquo;\u00eele : donner son avis c\u2019est important"},"content":{"rendered":"<p>Alors que la pollution atmosph\u00e9rique atteint des sommets, <a href=\"http:\/\/www.ades-grenoble.org\/wordpress\/2011\/12\/02\/dis-pourquoi-tu-tousses\/\">particuli\u00e8rement ces vingt derniers jours dans l\u2019agglom\u00e9ration<\/a>, c\u2019est le moment d\u2019aller \u00e0 la mairie de Grenoble pour dire NON \u00e0 l\u2019\u00e9largissement de l\u2019A480, proposition de l\u2019Etat (accept\u00e9e par la M\u00e9tro et la ville). Dernier jour le 7 d\u00e9cembre ou envoyer un mel \u00e0\u00a0: <a href=\"mailto:a480@developpement-durable.gouv.fr\">a480@developpement-durable.gouv.fr<\/a><\/p>\n<p>Enqu\u00eates publiques sur la Presqu\u2019\u00eele\u00a0: loi sur l\u2019eau et nouvelles voiries, les registres d\u2019enqu\u00eate sont \u00e0 la mairie aux heures d\u2019ouverture, dernier jour le 15 d\u00e9cembre.<\/p>\n","protected":false},"excerpt":{"rendered":"<p>Alors que la pollution atmosph\u00e9rique atteint des sommets, particuli\u00e8rement ces vingt derniers jours dans l\u2019agglom\u00e9ration, c\u2019est le moment d\u2019aller \u00e0 la mairie de Grenoble pour dire NON \u00e0 l\u2019\u00e9largissement de l\u2019A480, proposition de l\u2019Etat (accept\u00e9e par la M\u00e9tro et la ville). Dernier jour le 7 d\u00e9cembre ou envoyer un mel \u00e0\u00a0: a480@developpement-durable.gouv.fr Enqu\u00eates publiques sur [&hellip;]<\/p>\n","protected":false},"author":1,"featured_media":0,"comment_status":"closed","ping_status":"open","sticky":false,"template":"","format":"standard","meta":{"twitterCardType":"","cardImageID":0,"cardImage":"","cardTitle":"","cardDesc":"","cardImageAlt":"","cardPlayer":"","cardPlayerWidth":0,"cardPlayerHeight":0,"cardPlayerStream":"","cardPlayerCodec":"","footnotes":""},"categories":[11],"tags":[103,39,234],"class_list":["post-4941","post","type-post","status-publish","format-standard","hentry","category-politique-locale","tag-a480","tag-enquetes-publiques","tag-giant"],"_links":{"self":[{"href":"https:\/\/www.ades-grenoble.org\/wordpress\/wp-json\/wp\/v2\/posts\/4941","targetHints":{"allow":["GET"]}}],"collection":[{"href":"https:\/\/www.ades-grenoble.org\/wordpress\/wp-json\/wp\/v2\/posts"}],"about":[{"href":"https:\/\/www.ades-grenoble.org\/wordpress\/wp-json\/wp\/v2\/types\/post"}],"author":[{"embeddable":true,"href":"https:\/\/www.ades-grenoble.org\/wordpress\/wp-json\/wp\/v2\/users\/1"}],"replies":[{"embeddable":true,"href":"https:\/\/www.ades-grenoble.org\/wordpress\/wp-json\/wp\/v2\/comments?post=4941"}],"version-history":[{"count":4,"href":"https:\/\/www.ades-grenoble.org\/wordpress\/wp-json\/wp\/v2\/posts\/4941\/revisions"}],"predecessor-version":[{"id":4949,"href":"https:\/\/www.ades-grenoble.org\/wordpress\/wp-json\/wp\/v2\/posts\/4941\/revisions\/4949"}],"wp:attachment":[{"href":"https:\/\/www.ades-grenoble.org\/wordpress\/wp-json\/wp\/v2\/media?parent=4941"}],"wp:term":[{"taxonomy":"category","embeddable":true,"href":"https:\/\/www.ades-grenoble.org\/wordpress\/wp-json\/wp\/v2\/categories?post=4941"},{"taxonomy":"post_tag","embeddable":true,"href":"https:\/\/www.ades-grenoble.org\/wordpress\/wp-json\/wp\/v2\/tags?post=4941"}],"curies":[{"name":"wp","href":"https:\/\/api.w.org\/{rel}","templated":true}]}}