{"id":4945,"date":"2011-12-02T23:11:09","date_gmt":"2011-12-02T21:11:09","guid":{"rendered":"http:\/\/www.ades-grenoble.org\/wordpress\/?p=4945"},"modified":"2011-12-02T23:11:59","modified_gmt":"2011-12-02T21:11:59","slug":"elus-ecologie-et-solidarite-reunion-publique-de-bilan-a-mi-mandat","status":"publish","type":"post","link":"https:\/\/www.ades-grenoble.org\/wordpress\/2011\/12\/02\/elus-ecologie-et-solidarite-reunion-publique-de-bilan-a-mi-mandat\/","title":{"rendered":"Elus Ecologie et Solidarit\u00e9 : r\u00e9union publique de bilan \u00e0 mi-mandat"},"content":{"rendered":"<p style=\"text-align: center;\"><strong>Lundi 12 d\u00e9cembre \u00e0 19 h 15<\/strong> \u00e0 la Maison des habitants du Centre Ville (ex Centre social Vieux Temple)<br \/>\n2, Rue du Vieux Temple (arr\u00eat tram B Notre Dame)<\/p>\n<p>Les 6 \u00e9lus du groupe \u00ab\u00a0Ecologie et Solidarit\u00e9\u00a0\u00bb, dans l\u2019opposition municipale, <a href=\"http:\/\/www.grenoble-ecologie-solidarite.fr\/grenoble2008\/spip.php?article1260\" target=\"_blank\">pr\u00e9senteront leur riche bilan \u00e0 mi-mandat<\/a> et indiqueront les propositions alternatives au budget du maire qu\u2019ils pr\u00e9senteront le lundi 19 d\u00e9cembre au conseil municipal de Grenoble.<\/p>\n","protected":false},"excerpt":{"rendered":"<p>Lundi 12 d\u00e9cembre \u00e0 19 h 15 \u00e0 la Maison des habitants du Centre Ville (ex Centre social Vieux Temple) 2, Rue du Vieux Temple (arr\u00eat tram B Notre Dame) Les 6 \u00e9lus du groupe \u00ab\u00a0Ecologie et Solidarit\u00e9\u00a0\u00bb, dans l\u2019opposition municipale, pr\u00e9senteront leur riche bilan \u00e0 mi-mandat et indiqueront les propositions alternatives au budget du [&hellip;]<\/p>\n","protected":false},"author":1,"featured_media":0,"comment_status":"closed","ping_status":"open","sticky":false,"template":"","format":"standard","meta":{"twitterCardType":"","cardImageID":0,"cardImage":"","cardTitle":"","cardDesc":"","cardImageAlt":"","cardPlayer":"","cardPlayerWidth":0,"cardPlayerHeight":0,"cardPlayerStream":"","cardPlayerCodec":"","footnotes":""},"categories":[11],"tags":[60],"class_list":["post-4945","post","type-post","status-publish","format-standard","hentry","category-politique-locale","tag-bilan-de-mandat"],"_links":{"self":[{"href":"https:\/\/www.ades-grenoble.org\/wordpress\/wp-json\/wp\/v2\/posts\/4945","targetHints":{"allow":["GET"]}}],"collection":[{"href":"https:\/\/www.ades-grenoble.org\/wordpress\/wp-json\/wp\/v2\/posts"}],"about":[{"href":"https:\/\/www.ades-grenoble.org\/wordpress\/wp-json\/wp\/v2\/types\/post"}],"author":[{"embeddable":true,"href":"https:\/\/www.ades-grenoble.org\/wordpress\/wp-json\/wp\/v2\/users\/1"}],"replies":[{"embeddable":true,"href":"https:\/\/www.ades-grenoble.org\/wordpress\/wp-json\/wp\/v2\/comments?post=4945"}],"version-history":[{"count":3,"href":"https:\/\/www.ades-grenoble.org\/wordpress\/wp-json\/wp\/v2\/posts\/4945\/revisions"}],"predecessor-version":[{"id":4948,"href":"https:\/\/www.ades-grenoble.org\/wordpress\/wp-json\/wp\/v2\/posts\/4945\/revisions\/4948"}],"wp:attachment":[{"href":"https:\/\/www.ades-grenoble.org\/wordpress\/wp-json\/wp\/v2\/media?parent=4945"}],"wp:term":[{"taxonomy":"category","embeddable":true,"href":"https:\/\/www.ades-grenoble.org\/wordpress\/wp-json\/wp\/v2\/categories?post=4945"},{"taxonomy":"post_tag","embeddable":true,"href":"https:\/\/www.ades-grenoble.org\/wordpress\/wp-json\/wp\/v2\/tags?post=4945"}],"curies":[{"name":"wp","href":"https:\/\/api.w.org\/{rel}","templated":true}]}}