{"id":4965,"date":"2011-12-09T21:41:05","date_gmt":"2011-12-09T19:41:05","guid":{"rendered":"http:\/\/www.ades-grenoble.org\/wordpress\/?p=4965"},"modified":"2011-12-09T21:46:43","modified_gmt":"2011-12-09T19:46:43","slug":"attention-un-stade-peut-en-cacher-un-autre","status":"publish","type":"post","link":"https:\/\/www.ades-grenoble.org\/wordpress\/2011\/12\/09\/attention-un-stade-peut-en-cacher-un-autre\/","title":{"rendered":"Attention, un stade peut en cacher un autre"},"content":{"rendered":"<p>Le 10 septembre 2011, le Maire de Grenoble avait confi\u00e9 \u00e0 un journaliste du Dauphin\u00e9 Lib\u00e9r\u00e9 que \u00ab\u00a0ses \u00e9quipes et le club professionnel (FCG rugby) travaillaient \u00e0 un nouveau stade Lesdigui\u00e8res\u00a0\u00bb. <a href=\"http:\/\/grenoble-ecologie-solidarite.fr\/\" target=\"_blank\">Les \u00e9lus \u00ab\u00a0Ecologie et solidarit\u00e9\u00a0\u00bb<\/a> avaient indiqu\u00e9 qu\u2019il serait totalement aberrant que la Ville s\u2019implique dans l\u2019agrandissement et la r\u00e9novation du stade Lesdigui\u00e8res alors que le stade des Alpes &#8211; quasiment vide &#8211; est d\u00e9j\u00e0 un gouffre financier. Ils avaient demand\u00e9 que le projet \u00e9voqu\u00e9 par le Maire pour le stade Lesdigui\u00e8res soit rendu public au plus vite, d\u2019autant plus que des projets immobiliers \u00e9taient \u00e9voqu\u00e9s \u00e0 proximit\u00e9. A ce jour, il n\u2019est toujours pas rendu public. Il semble que ce projet a \u00e9t\u00e9 \u00e9labor\u00e9 par le maire, dans la discr\u00e9tion la plus totale et que la grande majorit\u00e9 des \u00e9lus de la majorit\u00e9 municipale n\u2019en n&rsquo;avait pas connaissance.<\/p>\n<p>La d\u00e9mocratie est d\u00e9cid\u00e9ment bien malade \u00e0 Grenoble et les int\u00e9r\u00eats priv\u00e9s s\u2019en donnent \u00e0 c\u0153ur joie gr\u00e2ce \u00e0 une politique municipale qui leur est favorable.<\/p>\n","protected":false},"excerpt":{"rendered":"<p>Le 10 septembre 2011, le Maire de Grenoble avait confi\u00e9 \u00e0 un journaliste du Dauphin\u00e9 Lib\u00e9r\u00e9 que \u00ab\u00a0ses \u00e9quipes et le club professionnel (FCG rugby) travaillaient \u00e0 un nouveau stade Lesdigui\u00e8res\u00a0\u00bb. Les \u00e9lus \u00ab\u00a0Ecologie et solidarit\u00e9\u00a0\u00bb avaient indiqu\u00e9 qu\u2019il serait totalement aberrant que la Ville s\u2019implique dans l\u2019agrandissement et la r\u00e9novation du stade Lesdigui\u00e8res alors [&hellip;]<\/p>\n","protected":false},"author":1,"featured_media":0,"comment_status":"closed","ping_status":"open","sticky":false,"template":"","format":"standard","meta":{"twitterCardType":"","cardImageID":0,"cardImage":"","cardTitle":"","cardDesc":"","cardImageAlt":"","cardPlayer":"","cardPlayerWidth":0,"cardPlayerHeight":0,"cardPlayerStream":"","cardPlayerCodec":"","footnotes":""},"categories":[11],"tags":[233],"class_list":["post-4965","post","type-post","status-publish","format-standard","hentry","category-politique-locale","tag-stade"],"_links":{"self":[{"href":"https:\/\/www.ades-grenoble.org\/wordpress\/wp-json\/wp\/v2\/posts\/4965","targetHints":{"allow":["GET"]}}],"collection":[{"href":"https:\/\/www.ades-grenoble.org\/wordpress\/wp-json\/wp\/v2\/posts"}],"about":[{"href":"https:\/\/www.ades-grenoble.org\/wordpress\/wp-json\/wp\/v2\/types\/post"}],"author":[{"embeddable":true,"href":"https:\/\/www.ades-grenoble.org\/wordpress\/wp-json\/wp\/v2\/users\/1"}],"replies":[{"embeddable":true,"href":"https:\/\/www.ades-grenoble.org\/wordpress\/wp-json\/wp\/v2\/comments?post=4965"}],"version-history":[{"count":3,"href":"https:\/\/www.ades-grenoble.org\/wordpress\/wp-json\/wp\/v2\/posts\/4965\/revisions"}],"predecessor-version":[{"id":4976,"href":"https:\/\/www.ades-grenoble.org\/wordpress\/wp-json\/wp\/v2\/posts\/4965\/revisions\/4976"}],"wp:attachment":[{"href":"https:\/\/www.ades-grenoble.org\/wordpress\/wp-json\/wp\/v2\/media?parent=4965"}],"wp:term":[{"taxonomy":"category","embeddable":true,"href":"https:\/\/www.ades-grenoble.org\/wordpress\/wp-json\/wp\/v2\/categories?post=4965"},{"taxonomy":"post_tag","embeddable":true,"href":"https:\/\/www.ades-grenoble.org\/wordpress\/wp-json\/wp\/v2\/tags?post=4965"}],"curies":[{"name":"wp","href":"https:\/\/api.w.org\/{rel}","templated":true}]}}