{"id":5089,"date":"2012-01-07T13:52:20","date_gmt":"2012-01-07T11:52:20","guid":{"rendered":"http:\/\/www.ades-grenoble.org\/wordpress\/?p=5089"},"modified":"2012-01-14T12:46:04","modified_gmt":"2012-01-14T10:46:04","slug":"rocade-nord-sanction-severe","status":"publish","type":"post","link":"https:\/\/www.ades-grenoble.org\/wordpress\/2012\/01\/07\/rocade-nord-sanction-severe\/","title":{"rendered":"Rocade Nord : sanction s\u00e9v\u00e8re !"},"content":{"rendered":"<div id=\"attachment_5093\" style=\"width: 310px\" class=\"wp-caption alignleft\"><img loading=\"lazy\" decoding=\"async\" aria-describedby=\"caption-attachment-5093\" class=\" wp-image-5093\" title=\"rocade-consultation_bidon\" src=\"http:\/\/www.ades-grenoble.org\/wordpress\/wp-content\/uploads\/2012\/01\/rocade-consultation_bidon-300x290.jpg\" alt=\"\" width=\"300\" height=\"290\" srcset=\"https:\/\/www.ades-grenoble.org\/wordpress\/wp-content\/uploads\/2012\/01\/rocade-consultation_bidon-300x290.jpg 300w, https:\/\/www.ades-grenoble.org\/wordpress\/wp-content\/uploads\/2012\/01\/rocade-consultation_bidon-150x145.jpg 150w, https:\/\/www.ades-grenoble.org\/wordpress\/wp-content\/uploads\/2012\/01\/rocade-consultation_bidon.jpg 604w\" sizes=\"auto, (max-width: 300px) 100vw, 300px\" \/><p id=\"caption-attachment-5093\" class=\"wp-caption-text\">Dessin Cled&#39;12 (tous droits r\u00e9serv\u00e9s), publi\u00e9 dans Le Rouge &amp; le Vert n\u00b0106 de juillet-septembre 2007<\/p><\/div>\n<p>Une sanction s\u00e9v\u00e8re vient de tomber contre le Pr\u00e9sident du conseil g\u00e9n\u00e9ral de l\u2019Is\u00e8re et ceux qui soutenaient le projet de rocade nord.<\/p>\n<p>Au moment o\u00f9, sous la houlette du MEDEF et de la CCI (Chambre de Commerce et d\u2019Industrie de l&rsquo;Is\u00e8re), les tenants d\u2019un contournement autoroutier nord de Grenoble redonnent de la voix, le Tribunal administratif de Grenoble annule la consultation bidon de 2007 sur la rocade-Nord\u00a0!<\/p>\n<p>Le 25 mai 2007, la commission permanente du Conseil G\u00e9n\u00e9ral vote une d\u00e9lib\u00e9ration d\u00e9cidant de consulter les \u00e9lecteurs de la r\u00e9gion urbaine sur l\u2019int\u00e9r\u00eat d\u2019inclure la rocade-nord dans les solutions pour \u00ab\u00a0am\u00e9liorer les d\u00e9placements dans l\u2019agglom\u00e9ration grenobloise\u00a0\u00bb.<\/p>\n<p>Tous les conseillers g\u00e9n\u00e9raux, sauf les 3 \u00e9lus \u00e9cologistes, votent cette d\u00e9lib\u00e9ration. Les \u00e9lus votent cette d\u00e9lib\u00e9ration sans m\u00eame conna\u00eetre les questions qui seront pos\u00e9es.<\/p>\n<p>Raymond Avrillier, Vincent Comparat accompagn\u00e9s d\u2019Olivier Bertrand (conseiller g\u00e9n\u00e9ral) d\u00e9posent des recours en annulation de cette d\u00e9lib\u00e9ration qu\u2019ils consid\u00e8rent comme ill\u00e9gale.<\/p>\n<p>Cette consultation (dite \u00ab\u00a0consultation-bidon\u00a0\u00bb) organis\u00e9e au d\u00e9but de l\u2018\u00e9t\u00e9 a \u00e9t\u00e9 une v\u00e9ritable man\u0153uvre d\u2019intoxication. Il s\u2019agissait d\u2019un r\u00e9f\u00e9rendum cach\u00e9 pour faire adopter le projet de rocade. Le Pr\u00e9sident du conseil g\u00e9n\u00e9ral r\u00e9pondant le 22 juin 2007 \u00e0 la question\u00a0: \u00ab\u00a0Et si la rocade est jug\u00e9e inutile\u00a0?\u00a0\u00bb,\u00a0 d\u00e9clare\u00a0: \u00ab\u00a0je suis tr\u00e8s clair, si les Is\u00e9rois n\u2019en veulent pas nous ne la ferons pas.\u00a0\u00bb<\/p>\n<p>La question pos\u00e9e \u00e9tait tellement orient\u00e9e, et la pr\u00e9sentation du projet tellement idyllique mais fallacieuse, que le r\u00e9sultat ne pouvait pas faire de doute. De surcro\u00eet les \u00e9lecteurs n\u2019avaient pas eu acc\u00e8s aux diff\u00e9rentes opinions sur ce projet alors que c\u2019est une obligation l\u00e9gale dans une consultation des \u00e9lecteurs.<\/p>\n<p>Le Tribunal administratif de Grenoble dans un jugement du 29 d\u00e9cembre 2011 vient de donner raison aux \u00e9cologistes\u00a0: la commission permanente n\u2019avait pas le droit de d\u00e9cider une consultation dans de telles conditions d\u2019absence de respect de la d\u00e9mocratie, le Pr\u00e9sident \u00e9tait donc incomp\u00e9tent pour l\u2019organiser.<\/p>\n<p><!--more-->Dans l\u2019Is\u00e8re les \u00e9lecteurs sont trait\u00e9s comme dans une r\u00e9publique banani\u00e8re, sans m\u00eame que le d\u00e9put\u00e9-pr\u00e9sident-s\u00e9nateur respecte la loi.<\/p>\n<p>Cette d\u00e9cision est tr\u00e8s importante puisque cette consultation \u00e9tait le point de d\u00e9part de toutes les autres d\u00e9cisions pr\u00e9paratoires \u00e0 la r\u00e9alisation de ce projet autoroutier d\u2019un autre \u00e2ge.<\/p>\n<p>Il est regrettable que les r\u00e9f\u00e9r\u00e9s suspension demand\u00e9s par les requ\u00e9rants en 2007, n\u2019aient pas \u00e9t\u00e9 accept\u00e9s par le juge (qui n&rsquo;a pas consid\u00e9r\u00e9 le sujet urgent), car cela aurait permis \u00e0 la fois de bloquer d\u00e8s le d\u00e9part le projet de rocade et d\u2019\u00e9conomiser environ 30 millions d\u2019\u20ac d\u2019argent public gaspill\u00e9s inutilement par le conseil g\u00e9n\u00e9ral.<\/p>\n<p>Apr\u00e8s que M. Destot (d\u00e9put\u00e9 qui fait les lois) ait \u00e9t\u00e9 sanctionn\u00e9 pour les ill\u00e9galit\u00e9s du PLU (Plan Local d&rsquo;Urbanisme) de la Presqu\u2019\u00eele, JJ. Queyranne (d\u00e9put\u00e9 qui fait les lois, accessoirement professeur de droit public) sanctionn\u00e9 pour ses d\u00e9cisions sur le Lyc\u00e9e Mounier, voici le s\u00e9nateur-ex d\u00e9put\u00e9 (qui fait les lois et avocat de profession) A. Vallini renvoy\u00e9 \u00e0 ses r\u00e9visions sur la mani\u00e8re de diriger le d\u00e9partement.<\/p>\n<p>Sur ces trois dossiers, les d\u00e9cideurs \u00e9taient avertis qu\u2019ils \u00e9taient dans l\u2019ill\u00e9galit\u00e9, ils auraient pu retirer leur mauvaises d\u00e9cisions, ils ont d\u00e9cid\u00e9 de poursuivre co\u00fbte que co\u00fbte. Comme le dit la maxime latine\u00a0: l\u2019erreur est humaine, mais pers\u00e9v\u00e9rer est diabolique\u00a0!<\/p>\n<p>La lutte contre la d\u00e9linquance passe aussi par le rappel des r\u00e8gles essentielles \u00e0 la vie commune dans la vraie vie, comme dans les institutions de la r\u00e9publique.<\/p>\n","protected":false},"excerpt":{"rendered":"<p>Une sanction s\u00e9v\u00e8re vient de tomber contre le Pr\u00e9sident du conseil g\u00e9n\u00e9ral de l\u2019Is\u00e8re et ceux qui soutenaient le projet de rocade nord. Au moment o\u00f9, sous la houlette du MEDEF et de la CCI (Chambre de Commerce et d\u2019Industrie de l&rsquo;Is\u00e8re), les tenants d\u2019un contournement autoroutier nord de Grenoble redonnent de la voix, le [&hellip;]<\/p>\n","protected":false},"author":1,"featured_media":0,"comment_status":"closed","ping_status":"open","sticky":false,"template":"","format":"standard","meta":{"twitterCardType":"","cardImageID":0,"cardImage":"","cardTitle":"","cardDesc":"","cardImageAlt":"","cardPlayer":"","cardPlayerWidth":0,"cardPlayerHeight":0,"cardPlayerStream":"","cardPlayerCodec":"","footnotes":""},"categories":[11],"tags":[22,52,24,107],"class_list":["post-5089","post","type-post","status-publish","format-standard","hentry","category-politique-locale","tag-conseil-general-de-lisere","tag-justice-administrative","tag-rocade-nord","tag-vallini"],"_links":{"self":[{"href":"https:\/\/www.ades-grenoble.org\/wordpress\/wp-json\/wp\/v2\/posts\/5089","targetHints":{"allow":["GET"]}}],"collection":[{"href":"https:\/\/www.ades-grenoble.org\/wordpress\/wp-json\/wp\/v2\/posts"}],"about":[{"href":"https:\/\/www.ades-grenoble.org\/wordpress\/wp-json\/wp\/v2\/types\/post"}],"author":[{"embeddable":true,"href":"https:\/\/www.ades-grenoble.org\/wordpress\/wp-json\/wp\/v2\/users\/1"}],"replies":[{"embeddable":true,"href":"https:\/\/www.ades-grenoble.org\/wordpress\/wp-json\/wp\/v2\/comments?post=5089"}],"version-history":[{"count":7,"href":"https:\/\/www.ades-grenoble.org\/wordpress\/wp-json\/wp\/v2\/posts\/5089\/revisions"}],"predecessor-version":[{"id":5096,"href":"https:\/\/www.ades-grenoble.org\/wordpress\/wp-json\/wp\/v2\/posts\/5089\/revisions\/5096"}],"wp:attachment":[{"href":"https:\/\/www.ades-grenoble.org\/wordpress\/wp-json\/wp\/v2\/media?parent=5089"}],"wp:term":[{"taxonomy":"category","embeddable":true,"href":"https:\/\/www.ades-grenoble.org\/wordpress\/wp-json\/wp\/v2\/categories?post=5089"},{"taxonomy":"post_tag","embeddable":true,"href":"https:\/\/www.ades-grenoble.org\/wordpress\/wp-json\/wp\/v2\/tags?post=5089"}],"curies":[{"name":"wp","href":"https:\/\/api.w.org\/{rel}","templated":true}]}}