{"id":5106,"date":"2012-01-14T12:30:53","date_gmt":"2012-01-14T10:30:53","guid":{"rendered":"http:\/\/www.ades-grenoble.org\/wordpress\/?p=5106"},"modified":"2012-01-14T12:30:53","modified_gmt":"2012-01-14T10:30:53","slug":"stade-lesdiguieres","status":"publish","type":"post","link":"https:\/\/www.ades-grenoble.org\/wordpress\/2012\/01\/14\/stade-lesdiguieres\/","title":{"rendered":"Stade Lesdigui\u00e8res"},"content":{"rendered":"<p>Nous avions indiqu\u00e9 qu\u2019un projet d\u2019agrandissement du stade Lesdigui\u00e8res sous l\u2019\u00e9gide du club de rugby (FCG) avait \u00e9t\u00e9 pr\u00e9par\u00e9 dans le plus grand secret par le maire de Grenoble et un de ses adjoints. Il \u00e9tait pr\u00e9vu de proposer \u00e0 vil prix les terrains de tennis, proches du stade, qui appartiennent \u00e0 la Ville en vue d&rsquo;une op\u00e9ration immobili\u00e8re qui aurait financ\u00e9e une extension du stade. Des indiscr\u00e9tions indiquent que le projet \u00e9tait tr\u00e8s avanc\u00e9 et que parmi les promoteurs du projet il y avait un collecteur du 1% patronal pour le logement social, une soci\u00e9t\u00e9 anonyme de logement social (qui pourrait loger les salari\u00e9s d\u2019entreprises adh\u00e9rentes au club) et une grande enseigne commerciale partenaire important du FCG.<\/p>\n<p>Pour l\u2019instant le projet semble suspendu\u2026<\/p>\n<p>Les Grenoblois, y compris les amateurs de rugby, auront bien du mal \u00e0 comprendre qu\u2019un second stade soit aid\u00e9 par la puissance publique, quand l\u2019autre grand stade de football est en sommeil et surtout co\u00fbte tr\u00e8s cher aux collectivit\u00e9s\u2026<\/p>\n","protected":false},"excerpt":{"rendered":"<p>Nous avions indiqu\u00e9 qu\u2019un projet d\u2019agrandissement du stade Lesdigui\u00e8res sous l\u2019\u00e9gide du club de rugby (FCG) avait \u00e9t\u00e9 pr\u00e9par\u00e9 dans le plus grand secret par le maire de Grenoble et un de ses adjoints. Il \u00e9tait pr\u00e9vu de proposer \u00e0 vil prix les terrains de tennis, proches du stade, qui appartiennent \u00e0 la Ville en [&hellip;]<\/p>\n","protected":false},"author":1,"featured_media":0,"comment_status":"closed","ping_status":"open","sticky":false,"template":"","format":"standard","meta":{"twitterCardType":"","cardImageID":0,"cardImage":"","cardTitle":"","cardDesc":"","cardImageAlt":"","cardPlayer":"","cardPlayerWidth":0,"cardPlayerHeight":0,"cardPlayerStream":"","cardPlayerCodec":"","footnotes":""},"categories":[11],"tags":[233],"class_list":["post-5106","post","type-post","status-publish","format-standard","hentry","category-politique-locale","tag-stade"],"_links":{"self":[{"href":"https:\/\/www.ades-grenoble.org\/wordpress\/wp-json\/wp\/v2\/posts\/5106","targetHints":{"allow":["GET"]}}],"collection":[{"href":"https:\/\/www.ades-grenoble.org\/wordpress\/wp-json\/wp\/v2\/posts"}],"about":[{"href":"https:\/\/www.ades-grenoble.org\/wordpress\/wp-json\/wp\/v2\/types\/post"}],"author":[{"embeddable":true,"href":"https:\/\/www.ades-grenoble.org\/wordpress\/wp-json\/wp\/v2\/users\/1"}],"replies":[{"embeddable":true,"href":"https:\/\/www.ades-grenoble.org\/wordpress\/wp-json\/wp\/v2\/comments?post=5106"}],"version-history":[{"count":2,"href":"https:\/\/www.ades-grenoble.org\/wordpress\/wp-json\/wp\/v2\/posts\/5106\/revisions"}],"predecessor-version":[{"id":5108,"href":"https:\/\/www.ades-grenoble.org\/wordpress\/wp-json\/wp\/v2\/posts\/5106\/revisions\/5108"}],"wp:attachment":[{"href":"https:\/\/www.ades-grenoble.org\/wordpress\/wp-json\/wp\/v2\/media?parent=5106"}],"wp:term":[{"taxonomy":"category","embeddable":true,"href":"https:\/\/www.ades-grenoble.org\/wordpress\/wp-json\/wp\/v2\/categories?post=5106"},{"taxonomy":"post_tag","embeddable":true,"href":"https:\/\/www.ades-grenoble.org\/wordpress\/wp-json\/wp\/v2\/tags?post=5106"}],"curies":[{"name":"wp","href":"https:\/\/api.w.org\/{rel}","templated":true}]}}