{"id":5149,"date":"2012-01-28T13:15:22","date_gmt":"2012-01-28T11:15:22","guid":{"rendered":"http:\/\/www.ades-grenoble.org\/wordpress\/?p=5149"},"modified":"2012-02-11T16:17:26","modified_gmt":"2012-02-11T14:17:26","slug":"les-nouvelles-de-lump","status":"publish","type":"post","link":"https:\/\/www.ades-grenoble.org\/wordpress\/2012\/01\/28\/les-nouvelles-de-lump\/","title":{"rendered":"Les nouvelles de l\u2019UMP"},"content":{"rendered":"<p>Va-t-on assister sur la 1\u00e8re circonscription, a un remake de la division de la droite UMP en 2007, o\u00f9 la concurrence Carigon-Cazenave avait fortement aid\u00e9 G. Fioraso (PS) \u00e0 gagner cette circonscription sp\u00e9cialement d\u00e9coup\u00e9e pour la droite par Ch. Pasqua, expert en la mati\u00e8re\u00a0?<\/p>\n<p>Il est probable que le candidat investi par Paris soit le conseiller g\u00e9n\u00e9ral de Meylan et pr\u00e9sident de l\u2019UMP38, Jean-Claude Peyrin. Mais la maire de Meylan, Marie-Christine Tardy qui veut se mettre sur les rangs vient de recevoir le soutien du s\u00e9nateur UMP, Michel Savin (ex pr\u00e9sident de l\u2019UMP38) qui ayant des comptes \u00e0 r\u00e9gler avec ses \u00ab\u00a0amis\u00a0\u00bb de l&rsquo;UMP38, va pr\u00e9sider son comit\u00e9 de soutien. M. Savin a rappel\u00e9 qu\u2019il a \u00e9t\u00e9 \u00e9lu s\u00e9nateur avec une candidature dissidente\u2026<\/p>\n<p>R. Cazenave (ex-d\u00e9put\u00e9 de la circonscription) demande au pr\u00e9sident de l\u2019UMP38 l\u2019organisation d\u2019une primaire, voudrait-il se mettre aussi sur les rangs\u00a0?<\/p>\n<p>Le 28 janvier l\u2019UMP nationale va d\u00e9livrer ses investitures, qui devraient \u00eatre J.Cl. Peyrin sur la 1\u00e8re et Nathalie B\u00e9ranger, conseill\u00e8re municipale de Grenoble sur la 3\u00e8me, celle de M. Destot.<\/p>\n","protected":false},"excerpt":{"rendered":"<p>Va-t-on assister sur la 1\u00e8re circonscription, a un remake de la division de la droite UMP en 2007, o\u00f9 la concurrence Carigon-Cazenave avait fortement aid\u00e9 G. Fioraso (PS) \u00e0 gagner cette circonscription sp\u00e9cialement d\u00e9coup\u00e9e pour la droite par Ch. Pasqua, expert en la mati\u00e8re\u00a0? Il est probable que le candidat investi par Paris soit le [&hellip;]<\/p>\n","protected":false},"author":1,"featured_media":0,"comment_status":"closed","ping_status":"open","sticky":false,"template":"","format":"standard","meta":{"twitterCardType":"","cardImageID":0,"cardImage":"","cardTitle":"","cardDesc":"","cardImageAlt":"","cardPlayer":"","cardPlayerWidth":0,"cardPlayerHeight":0,"cardPlayerStream":"","cardPlayerCodec":"","footnotes":""},"categories":[11],"tags":[109,110],"class_list":["post-5149","post","type-post","status-publish","format-standard","hentry","category-politique-locale","tag-droite","tag-legislatives"],"_links":{"self":[{"href":"https:\/\/www.ades-grenoble.org\/wordpress\/wp-json\/wp\/v2\/posts\/5149","targetHints":{"allow":["GET"]}}],"collection":[{"href":"https:\/\/www.ades-grenoble.org\/wordpress\/wp-json\/wp\/v2\/posts"}],"about":[{"href":"https:\/\/www.ades-grenoble.org\/wordpress\/wp-json\/wp\/v2\/types\/post"}],"author":[{"embeddable":true,"href":"https:\/\/www.ades-grenoble.org\/wordpress\/wp-json\/wp\/v2\/users\/1"}],"replies":[{"embeddable":true,"href":"https:\/\/www.ades-grenoble.org\/wordpress\/wp-json\/wp\/v2\/comments?post=5149"}],"version-history":[{"count":3,"href":"https:\/\/www.ades-grenoble.org\/wordpress\/wp-json\/wp\/v2\/posts\/5149\/revisions"}],"predecessor-version":[{"id":5238,"href":"https:\/\/www.ades-grenoble.org\/wordpress\/wp-json\/wp\/v2\/posts\/5149\/revisions\/5238"}],"wp:attachment":[{"href":"https:\/\/www.ades-grenoble.org\/wordpress\/wp-json\/wp\/v2\/media?parent=5149"}],"wp:term":[{"taxonomy":"category","embeddable":true,"href":"https:\/\/www.ades-grenoble.org\/wordpress\/wp-json\/wp\/v2\/categories?post=5149"},{"taxonomy":"post_tag","embeddable":true,"href":"https:\/\/www.ades-grenoble.org\/wordpress\/wp-json\/wp\/v2\/tags?post=5149"}],"curies":[{"name":"wp","href":"https:\/\/api.w.org\/{rel}","templated":true}]}}