{"id":5163,"date":"2012-01-28T13:28:22","date_gmt":"2012-01-28T11:28:22","guid":{"rendered":"http:\/\/www.ades-grenoble.org\/wordpress\/?p=5163"},"modified":"2012-01-28T13:28:22","modified_gmt":"2012-01-28T11:28:22","slug":"budget-municipal-2012-une-information-peu-rigoureuse","status":"publish","type":"post","link":"https:\/\/www.ades-grenoble.org\/wordpress\/2012\/01\/28\/budget-municipal-2012-une-information-peu-rigoureuse\/","title":{"rendered":"Budget municipal 2012, une information peu rigoureuse"},"content":{"rendered":"<p><img loading=\"lazy\" decoding=\"async\" class=\"alignleft size-thumbnail wp-image-350\" title=\"tirelire\" src=\"http:\/\/www.ades-grenoble.org\/wordpress\/wp-content\/uploads\/2008\/12\/tirelire-150x150.jpg\" alt=\"\" width=\"150\" height=\"150\" \/>Nous sommes maintenant habitu\u00e9s \u00e0 subir des discours sur le budget municipal qui manquent singuli\u00e8rement de rigueur, que ce soit au moment du vote ou lors des explications aux habitants.<\/p>\n<p>Lors de la premi\u00e8re r\u00e9union dans les secteurs, le Premier adjoint indique la contrainte qui p\u00e8se sur les finances de la ville, contrainte qui se d\u00e9cline en 3 items, en comparaison avec l\u2019ann\u00e9e pass\u00e9e\u00a0:<\/p>\n<ul>\n<li>Des recettes en contraction<\/li>\n<li>Diminution des dotations de l\u2019Etat<\/li>\n<li>Recentrage des partenaires de la ville.<\/li>\n<\/ul>\n<p>Les deux derniers points sont exacts, mais pas le premier. Regardons cela de plus pr\u00e8s\u00a0:<\/p>\n<p><!--more-->Les d\u00e9penses de gestion augmentent de 10,5 M\u20ac entre le budget 2011 et le budget 2012, alors que les recettes de gestion augmentent de 14,8 M\u20ac. Les recettes ne sont donc pas en contraction, mais au contraire en augmentation significative, malgr\u00e9 la diminution des dotations de l\u2019Etat et du recentrage des partenaires de la ville (M\u00e9tro, Conseil g\u00e9n\u00e9ral, Conseil R\u00e9gional).<\/p>\n<p>L\u2019\u00e9pargne de gestion augmente donc de 4,3 M\u20ac passant de 39,4 M\u20ac \u00e0 43,7 M\u20ac soit une augmentation de 11 %.<\/p>\n<p>Autre information curieuse\u00a0: celle de l\u2019impact d\u2019une augmentation \u00e9ventuelle des taux d\u2019int\u00e9r\u00eats. Si le taux d\u2019int\u00e9r\u00eat augmente de 0,5 %, alors la ville devra payer 900 k\u20ac de plus dit le maire, le premier adjoint mod\u00e9rant un peu la chose en parlant de 750 k\u20ac. Or l\u2019emprunt pr\u00e9vu en 2012 est de 23,6 M\u20ac. Il n&rsquo;est pas n\u00e9cessaire d&rsquo;avoir fait math-sup pour se rendre compte que les int\u00e9r\u00eats de la nouvelle dette n\u2019augmenteront que de 118 k\u20ac et non de 750 ou 900 k\u20ac\u00a0! Ou bien cela voudrait dire que la ville a mal n\u00e9goci\u00e9 ses anciennes dettes en laissant beaucoup trop d\u2019emprunts \u00e0 taux variables mal prot\u00e9g\u00e9s. Ce serait une faute importante de la majorit\u00e9 municipale.<\/p>\n<p>Le premier adjoint a organis\u00e9 un \u00ab\u00a0tchat\u00a0\u00bb le 19 janvier. Malgr\u00e9 l\u2019annonce relay\u00e9e fortement par les m\u00e9dias, le bilan est vraiment tr\u00e8s maigre en termes de d\u00e9bat budg\u00e9taire (qui \u00e9tait le titre de ce tchat).<\/p>\n<p>A la question\u00a0: \u00ab\u00a0Merci pour ce tchat en direct qui permet de converser avec vous sans avoir \u00e0 se d\u00e9placer et \u00e0 subir des interventions pas toujours constructives de personnes venant juste l\u00e0 pour r\u00e2ler. Ne voulez-vous pas remplacer les co\u00fbteuses r\u00e9unions publiques par ce moyen simple et efficace ?\u00a0\u00bb.<\/p>\n<p>La r\u00e9ponse un peu surprenante\u00a0:<\/p>\n<p>\u00ab\u00a0Nous avons choisi d&rsquo;organiser ce tchat en compl\u00e9ment des r\u00e9unions publiques, qui sont aussi indispensables pour rencontrer les Grenoblois qui le souhaitent. Elles ne repr\u00e9sentent pas un co\u00fbt tr\u00e8s important, et par ailleurs l&rsquo;\u00e9change et le dialogue permettent parfois aux r\u00e2leurs et aux r\u00e2leuses d&rsquo;avoir les r\u00e9ponses qu&rsquo;ils attendent. Nous ne remplacerons pas un syst\u00e8me par un autre, nous allons essayer de multiplier les moyens d&rsquo;\u00e9change &#8211; tchats, rencontres&#8230;\u00a0\u00bb.<\/p>\n<p>Pour le premier adjoint, les r\u00e9unions publiques ne serviraient-elles que d\u2019exutoire pour les r\u00e2leurs\u00a0?<\/p>\n<p>C\u2019est une vision de la d\u00e9mocratie locale que nous ne partageons pas du tout\u00a0!<\/p>\n<p>A propos de la manipulation de l\u2019information qui a eu lieu le 19 d\u00e9cembre sur le vote du budget 2012, la majorit\u00e9 a donn\u00e9 raison aux \u00e9cologistes, mais n\u2019a toujours pas expliqu\u00e9 pourquoi elle avait maquill\u00e9 la pr\u00e9sentation du budget 2011\u00a0!<\/p>\n<p>A la mairie de Grenoble, il y a une nouvelle pratique, on change l\u2019information apr\u00e8s le vote\u00a0! C\u2019est plus d\u00e9mocratique\u00a0!<\/p>\n","protected":false},"excerpt":{"rendered":"<p>Nous sommes maintenant habitu\u00e9s \u00e0 subir des discours sur le budget municipal qui manquent singuli\u00e8rement de rigueur, que ce soit au moment du vote ou lors des explications aux habitants. Lors de la premi\u00e8re r\u00e9union dans les secteurs, le Premier adjoint indique la contrainte qui p\u00e8se sur les finances de la ville, contrainte qui se [&hellip;]<\/p>\n","protected":false},"author":1,"featured_media":0,"comment_status":"closed","ping_status":"open","sticky":false,"template":"","format":"standard","meta":{"twitterCardType":"","cardImageID":0,"cardImage":"","cardTitle":"","cardDesc":"","cardImageAlt":"","cardPlayer":"","cardPlayerWidth":0,"cardPlayerHeight":0,"cardPlayerStream":"","cardPlayerCodec":"","footnotes":""},"categories":[11],"tags":[47,35],"class_list":["post-5163","post","type-post","status-publish","format-standard","hentry","category-politique-locale","tag-budget-alternatif","tag-democratie-locale"],"_links":{"self":[{"href":"https:\/\/www.ades-grenoble.org\/wordpress\/wp-json\/wp\/v2\/posts\/5163","targetHints":{"allow":["GET"]}}],"collection":[{"href":"https:\/\/www.ades-grenoble.org\/wordpress\/wp-json\/wp\/v2\/posts"}],"about":[{"href":"https:\/\/www.ades-grenoble.org\/wordpress\/wp-json\/wp\/v2\/types\/post"}],"author":[{"embeddable":true,"href":"https:\/\/www.ades-grenoble.org\/wordpress\/wp-json\/wp\/v2\/users\/1"}],"replies":[{"embeddable":true,"href":"https:\/\/www.ades-grenoble.org\/wordpress\/wp-json\/wp\/v2\/comments?post=5163"}],"version-history":[{"count":2,"href":"https:\/\/www.ades-grenoble.org\/wordpress\/wp-json\/wp\/v2\/posts\/5163\/revisions"}],"predecessor-version":[{"id":5165,"href":"https:\/\/www.ades-grenoble.org\/wordpress\/wp-json\/wp\/v2\/posts\/5163\/revisions\/5165"}],"wp:attachment":[{"href":"https:\/\/www.ades-grenoble.org\/wordpress\/wp-json\/wp\/v2\/media?parent=5163"}],"wp:term":[{"taxonomy":"category","embeddable":true,"href":"https:\/\/www.ades-grenoble.org\/wordpress\/wp-json\/wp\/v2\/categories?post=5163"},{"taxonomy":"post_tag","embeddable":true,"href":"https:\/\/www.ades-grenoble.org\/wordpress\/wp-json\/wp\/v2\/tags?post=5163"}],"curies":[{"name":"wp","href":"https:\/\/api.w.org\/{rel}","templated":true}]}}