{"id":5184,"date":"2012-01-29T21:27:43","date_gmt":"2012-01-29T19:27:43","guid":{"rendered":"http:\/\/www.ades-grenoble.org\/wordpress\/?p=5184"},"modified":"2012-01-29T21:30:24","modified_gmt":"2012-01-29T19:30:24","slug":"non-a-clinatec","status":"publish","type":"post","link":"https:\/\/www.ades-grenoble.org\/wordpress\/2012\/01\/29\/non-a-clinatec\/","title":{"rendered":"Non \u00e0 Clinatec !"},"content":{"rendered":"<div class=\"mceTemp\">\n<dl id=\"attachment_686\" class=\"wp-caption alignleft\" style=\"width: 130px;\">\n<dt class=\"wp-caption-dt\"><img loading=\"lazy\" decoding=\"async\" class=\"size-full wp-image-686\" title=\"clinatec\" src=\"http:\/\/www.ades-grenoble.org\/wordpress\/wp-content\/uploads\/2009\/09\/clinatec.png\" alt=\"\" width=\"120\" height=\"72\" \/><\/dt>\n<\/dl>\n<\/div>\n<p><em>Communiqu\u00e9 du 29 janvier 2012<\/em><\/p>\n<p>Depuis des ann\u00e9es <a href=\"http:\/\/www.grenoble-ecologie-solidarite.fr\/\" target=\"_blank\">les \u00e9lus \u00ab\u00a0Ecologie et Solidarit\u00e9\u00a0\u00bb<\/a> et les mouvements qui les soutiennent (ADES, EELV, Alternatifs) sont oppos\u00e9s \u00e0 l\u2019implantation au CEA de Grenoble de la clinique CLINATEC. (Lire \u00e0 ce sujet la brochure de nos \u00e9lus : \u00ab\u00a0<a href=\"http:\/\/www.grenoble-ecologie-solidarite.fr\/grenoble2008\/IMG\/pdf\/09-09-HS-DEF.pdf\" target=\"_blank\">CLINATEC, la sant\u00e9 publique class\u00e9e secret industriel<\/a>\u00a0\u00bb &#8211; 1,2 Mo)<\/p>\n<ul>\n<li>Il n\u2019est pas acceptable que les interventions sur le cerveau ne se fassent pas en milieu hospitalier, il en va de la s\u00e9curit\u00e9 et de l\u2019environnement de soins pour les patients, ainsi que de la question de l&rsquo;\u00e9thique professionnelle, normalement obligatoirement trait\u00e9e par la communaut\u00e9 des soignants.<\/li>\n<li>Les programmes de recherches \u00e9voqu\u00e9s pour CLINATEC, posent de redoutables questions d\u2019\u00e9thique qui devraient \u00eatre s\u00e9rieusement encadr\u00e9es par la r\u00e8glementation, ce qui n\u2019est pas le cas.<\/li>\n<li>Il n\u2019est pas dans la mission du CEA de construire un centre hospitalier et il est anormal qu\u2019il ait \u00e9t\u00e9 ma\u00eetre d\u2019ouvrage d\u2019une telle construction alors qu\u2019il n\u2019a quasiment rien financ\u00e9. De plus les march\u00e9s ont \u00e9t\u00e9 pass\u00e9s en secret et ne sont pas publics. Le permis de construire a fait semblant d\u2019associer le CHU \u00e0 cette op\u00e9ration, alors que ce dernier indique ne pas avoir \u00e9t\u00e9 mis au courant.<\/li>\n<li>Les collectivit\u00e9s locales se sont pr\u00eat\u00e9es avec beaucoup de l\u00e9g\u00e8ret\u00e9 \u00e0 cette op\u00e9ration, elles ont pay\u00e9 (les contribuables ont pay\u00e9) mais elles n\u2019ont aucun droit de regard sur ce qui s\u2019y passe.<\/li>\n<\/ul>\n<p>Nous sommes parfaitement conscients que les malades atteints de pathologies neurologiques doivent pouvoir acc\u00e9der aux meilleurs traitements, pour leur apporter des espoirs de gu\u00e9rison ou au moins une att\u00e9nuation de leurs souffrances. Depuis plusieurs si\u00e8cles, les h\u00f4pitaux sont des lieux d\u00e9di\u00e9s aux soins et \u00e0 la recherche d\u2019une am\u00e9lioration des traitements. Mais l\u2019\u00e9thique et la d\u00e9ontologie pratiqu\u00e9es dans les \u00e9tablissements hospitaliers doivent imp\u00e9rativement pr\u00e9valoir, tant dans les m\u00e9thodes de recherches de traitements, que dans les m\u00e9thodes de soins, \u00e0 fortiori lorsqu\u2019il s\u2019agit d\u2019intervention sur le cerveau humain.<\/p>\n<p style=\"text-align: center;\"><strong>Il faut donc boycotter l\u2019inauguration de CLINATEC, qui n\u2019est pas une op\u00e9ration d\u2019int\u00e9r\u00eat g\u00e9n\u00e9ral, et participer \u00e0 la manifestation organis\u00e9e le mardi 31 janvier \u00e0 17\u00ad\u00ad h 30 sur le parvis de Minatec.<\/strong><\/p>\n","protected":false},"excerpt":{"rendered":"<p>Communiqu\u00e9 du 29 janvier 2012 Depuis des ann\u00e9es les \u00e9lus \u00ab\u00a0Ecologie et Solidarit\u00e9\u00a0\u00bb et les mouvements qui les soutiennent (ADES, EELV, Alternatifs) sont oppos\u00e9s \u00e0 l\u2019implantation au CEA de Grenoble de la clinique CLINATEC. (Lire \u00e0 ce sujet la brochure de nos \u00e9lus : \u00ab\u00a0CLINATEC, la sant\u00e9 publique class\u00e9e secret industriel\u00a0\u00bb &#8211; 1,2 Mo) Il [&hellip;]<\/p>\n","protected":false},"author":1,"featured_media":0,"comment_status":"closed","ping_status":"open","sticky":false,"template":"","format":"standard","meta":{"twitterCardType":"","cardImageID":0,"cardImage":"","cardTitle":"","cardDesc":"","cardImageAlt":"","cardPlayer":"","cardPlayerWidth":0,"cardPlayerHeight":0,"cardPlayerStream":"","cardPlayerCodec":"","footnotes":""},"categories":[11],"tags":[45,3],"class_list":["post-5184","post","type-post","status-publish","format-standard","hentry","category-politique-locale","tag-clinatec","tag-communiques"],"_links":{"self":[{"href":"https:\/\/www.ades-grenoble.org\/wordpress\/wp-json\/wp\/v2\/posts\/5184","targetHints":{"allow":["GET"]}}],"collection":[{"href":"https:\/\/www.ades-grenoble.org\/wordpress\/wp-json\/wp\/v2\/posts"}],"about":[{"href":"https:\/\/www.ades-grenoble.org\/wordpress\/wp-json\/wp\/v2\/types\/post"}],"author":[{"embeddable":true,"href":"https:\/\/www.ades-grenoble.org\/wordpress\/wp-json\/wp\/v2\/users\/1"}],"replies":[{"embeddable":true,"href":"https:\/\/www.ades-grenoble.org\/wordpress\/wp-json\/wp\/v2\/comments?post=5184"}],"version-history":[{"count":4,"href":"https:\/\/www.ades-grenoble.org\/wordpress\/wp-json\/wp\/v2\/posts\/5184\/revisions"}],"predecessor-version":[{"id":5187,"href":"https:\/\/www.ades-grenoble.org\/wordpress\/wp-json\/wp\/v2\/posts\/5184\/revisions\/5187"}],"wp:attachment":[{"href":"https:\/\/www.ades-grenoble.org\/wordpress\/wp-json\/wp\/v2\/media?parent=5184"}],"wp:term":[{"taxonomy":"category","embeddable":true,"href":"https:\/\/www.ades-grenoble.org\/wordpress\/wp-json\/wp\/v2\/categories?post=5184"},{"taxonomy":"post_tag","embeddable":true,"href":"https:\/\/www.ades-grenoble.org\/wordpress\/wp-json\/wp\/v2\/tags?post=5184"}],"curies":[{"name":"wp","href":"https:\/\/api.w.org\/{rel}","templated":true}]}}