{"id":5192,"date":"2012-02-05T19:11:30","date_gmt":"2012-02-05T17:11:30","guid":{"rendered":"http:\/\/www.ades-grenoble.org\/wordpress\/?p=5192"},"modified":"2012-02-05T19:11:30","modified_gmt":"2012-02-05T17:11:30","slug":"forum-liberation-le-renouveau-laisse-a-desirer","status":"publish","type":"post","link":"https:\/\/www.ades-grenoble.org\/wordpress\/2012\/02\/05\/forum-liberation-le-renouveau-laisse-a-desirer\/","title":{"rendered":"Forum Lib\u00e9ration : le renouveau laisse \u00e0 d\u00e9sirer"},"content":{"rendered":"<p>Les \u00e9tats g\u00e9n\u00e9raux du renouveau organis\u00e9s par Lib\u00e9ration \u00e0 la MC2 ont connu un large succ\u00e8s, contentons nous d\u2019\u00e9voquer seulement deux points\u00a0:<\/p>\n<p>Lors du d\u00e9bat sur la gauche moderne, le maire de Grenoble, qui rempla\u00e7ait M. Rocard, nous a livr\u00e9 le fond de sa pens\u00e9e\u00a0: \u00ab une gauche moderne, c\u2019est une gauche qui gagne les \u00e9lections\u00a0!\u00a0\u00bb. Il aurait pu ajouter,\u00a0\u00bb quitte \u00e0 faire une politique de droite\u00a0\u00bb, lui qui exp\u00e9rimente la gestion droite-gauche \u00e0 la mairie. A la fin des expos\u00e9s, la parole est donn\u00e9e \u00e0 la salle et une personne interpelle les intervenants : \u00ab C\u2019est quoi la gauche moderne ? J\u2019ai pas capt\u00e9. \u00bb Et tout \u00e7a apr\u00e8s plus d\u2019une heure d\u2019expos\u00e9 ! Donc c\u2019\u00e9tait plut\u00f4t rat\u00e9.<\/p>\n<p>Voici un compte rendu du d\u00e9bat de dimanche\u00a0sur\u00a0 \u00ab\u00a0l\u2019eau un bien public\u00a0\u00bb:<\/p>\n<p>Ce d\u00e9bat ne s\u2019annon\u00e7ait pas sous de bons auspices lorsque nous avons lu le texte introductif de Marc Ba\u00efetto, pr\u00e9sident de la M\u00e9tro, et qui indiquait que Michel Destot avait remunicipalis\u00e9 l\u2019eau de Grenoble en 1997, ce qui \u00e9tait une grossi\u00e8re r\u00e9\u00e9criture de l\u2019histoire (<a href=\"http:\/\/www.ades-grenoble.org\/wordpress\/2012\/01\/29\/eau-de-grenoble-ne-pas-reecrire-lhistoire\/\">voir notre communiqu\u00e9 \u00e0 ce sujet<\/a>).<\/p>\n<p><!--more-->Le d\u00e9bat fut tout aussi grandiose. Etaient pr\u00e9sents \u00e0 la tribune, Anne le Strat, adjointe au maire de Paris, laquelle apr\u00e8s avoir \u00e9t\u00e9 \u00e9lue verte, puis PS, n\u2019est encart\u00e9e nulle part maintenant. Le second orateur \u00e9tait Marc Ba\u00efetto, pr\u00e9sident de la M\u00e9tro. Avec un m\u00e9diateur, qui ne \u00ab\u00a0m\u00e9diatait\u00a0\u00bb pas grand-chose, sauf passer la parole \u00e0 l\u2019une et \u00e0 l\u2019autre sans couper les longues digressions hors sujet de l\u2019intervenant.<\/p>\n<p>Marc Ba\u00efetto a commenc\u00e9 son discours sur la n\u00e9cessit\u00e9 d\u2019\u00e9viter le gaspillage de la ressource en eau pr\u00e9ventivement \u00e0 un r\u00e9chauffement climatique et malgr\u00e9 notre potentiel tr\u00e8s important, gr\u00e2ce au SIERG (Syndicat Intercommunal de l&rsquo;Eau de la R\u00e9gion Grenobloise) et \u00e0 la REG (R\u00e9gie de l&rsquo;Eau de Grenoble). Il a indiqu\u00e9 qu\u2019il \u00e9tait souhaitable que la M\u00e9tro prenne la comp\u00e9tence \u00ab\u00a0eau\u00a0\u00bb \u00e0 l\u2019\u00e9chelle de l\u2019agglom\u00e9ration, ainsi que pouvoir offrir l\u2019eau pure de la REG et du SIERG \u00e0 l\u2019ensemble des habitants du SCOT (Sch\u00e9ma de Coh\u00e9rence Territoriale), notamment le voironnais qui est dot\u00e9 d\u2019une eau trait\u00e9e. Pour lui, la question de la production, de l\u2019adduction et de la distribution est r\u00e9solue pour la r\u00e9gie des eaux de Grenoble, mais pour le SIERG, seules la production et l\u2019adduction sont existantes alors que la distribution reste \u00e0 faire. C\u2019est donc une question de n\u00e9gociation \u00e0 l\u2019\u00e9chelle de toutes les communes, mais qui s\u2019av\u00e8re n\u00e9cessaire pour mieux prot\u00e9ger l\u2019approvisionnement de tous les habitants.<\/p>\n<p>Jusque l\u00e0, tout allait bien.<\/p>\n<p>Mais la situation se complique, au moment des questions du public, notamment sur le contr\u00f4le de la gestion de l\u2019eau par les \u00e9lu-es, sur les types de contrat et surtout leur dur\u00e9e avec les multinationales de l\u2019eau : des contrats n\u00e9cessairement plus longs que les dur\u00e9es de mandat des \u00e9lu-es. Concernant le prix de l\u2019eau et de l\u2019assainissement pay\u00e9 par l\u2019usager, comment exercer un contr\u00f4le citoyen sur ces questions\u00a0?<\/p>\n<p>Anne le Strat a install\u00e9 un observatoire de l\u2019eau \u00e0 Paris, form\u00e9 des repr\u00e9sentants des grandes associations \u00e9cologiques, citoyennes, syndicales, mais elle veut que des citoyens-usagers puissent aussi intervenir, et que cet observatoire soit pr\u00e9sid\u00e9 par un citoyen-usager. Pour le moment elle n\u2019y parvient pas, \u00e0 la fois par manque de participation citoyenne mais aussi par r\u00e9sistance des services administratifs qui lui opposent l\u2019argument qu\u2019une instance municipale ne peut \u00eatre pr\u00e9sid\u00e9e que par un ou une \u00e9lue. Or, selon elle, le contr\u00f4le citoyen ne s\u2019exerce plus vraiment lorsqu\u2019un \u00e9lu-e pr\u00e9side une telle instance.<\/p>\n<p>Pour M Ba\u00efetto, c\u2019est plus simple\u00a0: les citoyens ne sont pas vraiment int\u00e9ress\u00e9s, puisqu\u2019ils participent tr\u00e8s peu aux grands d\u00e9bats qui leur sont propos\u00e9s, la preuve sur le SCOT, 700 participants sur 700\u00a0000 habitants. De plus ce sont toujours les m\u00eames que l\u2019on voit (on pourrait faire le m\u00eame constat \u00e0 propos des \u00e9lus). A ce moment du d\u00e9bat, il fait une digression sur des projets qui ont \u00e9t\u00e9 mis \u00e0 mal suite \u00e0 la pression d\u2019opposants, comme par exemple la rocade \u00ab\u00a0dont il a fait son deuil\u00a0\u00bb, dont le seul argument avanc\u00e9 dans les d\u00e9bats publics, \u00e9tait que la rocade serait un \u00abappel \u00e0 plus de v\u00e9hicules dans l\u2019agglom\u00e9ration\u00a0\u00bb\u00a0!<\/p>\n<p>Donc en creux, on pouvait lire,<\/p>\n<ol>\n<li>Les citoyen-nes se mobilisent peu pour des \u00e9changes sur des questions de d\u00e9bat de fond, alors qu\u2019ils-elles y sont largement invit\u00e9-es, y compris dans sa commune o\u00f9 seulement 400 hbts\/9500 hbts, participent aux d\u00e9bats publics.<\/li>\n<li>Que les arguments utilis\u00e9s dans les d\u00e9bats de fond, sont d\u2019un faible niveau tant par les participants favorables que par les opposants.<\/li>\n<li>A l\u2019observation d\u2019un participant, qui rappelait l\u2019importance de ne pas n\u00e9gliger le pass\u00e9 pour regarder l\u2019avenir, notamment sur l\u2019histoire de l\u2019eau de Grenoble, il a balay\u00e9 l\u2019argument d\u2019un \u00ab\u00a0le pass\u00e9 ne m\u2019int\u00e9resse pas, je regarde vers l\u2019avenir\u00a0\u00bb. Et \u00e0 la question sur les raisons qui emp\u00eacheraient les mairies socialistes et communistes d&rsquo;un retour de l&rsquo;eau en r\u00e9gie publique, il r\u00e9pond \u00ab\u00a0qu\u2019il ne se m\u00eale pas des affaires des autres\u00a0\u00bb. Autrement dit\u00a0: chacun est ma\u00eetre chez lui et les int\u00e9r\u00eats des grands groupes seront ainsi, bien pr\u00e9serv\u00e9s.<\/li>\n<\/ol>\n<p>Heureusement Anne le Strat, a r\u00e9pondu qu\u2019il serait n\u00e9cessaire que l\u2019Etat joue son r\u00f4le r\u00e9gulateur sur une ma\u00eetrise publique de la gestion de l\u2019eau. Selon elle, les \u00e9lu-es municipaux n\u2019arrivent pas \u00e0 s\u2019opposer aux puissances des multinationales de l\u2019eau pour diverses raisons, notamment en raison d&rsquo;\u00e9lu-es municipaux install\u00e9s dans leurs mandats depuis longtemps ce qui ne facilite pas le renouvellement des pratiques politiques. Elle a aussi rappel\u00e9 le pass\u00e9 de financement des partis politiques par ces grands groupes. Pour eux, la gestion de l\u2019eau en France est indispensable \u00e0 leur pr\u00e9sence \u00e0 l\u2019internationale, m\u00eame si leur chiffre d\u2019affaires dans l&rsquo;hexagone n\u2019est pas le plus important.<\/p>\n<p>En conclusion\u00a0: une femme \u00e9lue \u00e0 Paris, a montr\u00e9 sa d\u00e9termination \u00e0 lutter contre ces puissances de l\u2019argent et sa d\u00e9termination \u00e0 installer une participation citoyenne, qu\u2019elle juge indispensable sur ces questions essentielles pour nous en France et surtout pour les pays en manque d\u2019eau potable.<\/p>\n<p>Quant \u00e0 notre \u00e9lu local, il s\u2019est montr\u00e9 une fois encore sous son vrai jour, un discours teint\u00e9 de d\u00e9fiance \u00e0 l\u2019\u00e9gard du fonctionnement d\u00e9mocratique et de m\u00e9pris \u00e0 l\u2019\u00e9gard des citoyens. Quant aux \u00e9ventuels opposants, ils ne sont qu\u2019un petit groupe d\u2019agitateurs peu constructifs, pas bien malins qui ne m\u00e9ritent pas les \u00e9lus qu\u2019ils ont la chance d\u2019avoir depuis si longtemps\u00a0!<\/p>\n<p>Enfin, le choix de Marc Ba\u00efetto pour parler du retour en service public de l\u2019eau reste une \u00e9nigme. Le moins qu\u2019on puisse en dire c\u2019est qu\u2019il n\u2019est pas apparu comme l\u2019homme de la situation pour pr\u00e9senter un argumentaire solide, tenant compte des exp\u00e9riences du pass\u00e9, inscrit dans le contexte politico-\u00e9conomique, et novateur pour l\u2019avenir.<\/p>\n","protected":false},"excerpt":{"rendered":"<p>Les \u00e9tats g\u00e9n\u00e9raux du renouveau organis\u00e9s par Lib\u00e9ration \u00e0 la MC2 ont connu un large succ\u00e8s, contentons nous d\u2019\u00e9voquer seulement deux points\u00a0: Lors du d\u00e9bat sur la gauche moderne, le maire de Grenoble, qui rempla\u00e7ait M. Rocard, nous a livr\u00e9 le fond de sa pens\u00e9e\u00a0: \u00ab une gauche moderne, c\u2019est une gauche qui gagne les [&hellip;]<\/p>\n","protected":false},"author":1,"featured_media":0,"comment_status":"closed","ping_status":"open","sticky":false,"template":"","format":"standard","meta":{"twitterCardType":"","cardImageID":0,"cardImage":"","cardTitle":"","cardDesc":"","cardImageAlt":"","cardPlayer":"","cardPlayerWidth":0,"cardPlayerHeight":0,"cardPlayerStream":"","cardPlayerCodec":"","footnotes":""},"categories":[11],"tags":[232],"class_list":["post-5192","post","type-post","status-publish","format-standard","hentry","category-politique-locale","tag-eau"],"_links":{"self":[{"href":"https:\/\/www.ades-grenoble.org\/wordpress\/wp-json\/wp\/v2\/posts\/5192","targetHints":{"allow":["GET"]}}],"collection":[{"href":"https:\/\/www.ades-grenoble.org\/wordpress\/wp-json\/wp\/v2\/posts"}],"about":[{"href":"https:\/\/www.ades-grenoble.org\/wordpress\/wp-json\/wp\/v2\/types\/post"}],"author":[{"embeddable":true,"href":"https:\/\/www.ades-grenoble.org\/wordpress\/wp-json\/wp\/v2\/users\/1"}],"replies":[{"embeddable":true,"href":"https:\/\/www.ades-grenoble.org\/wordpress\/wp-json\/wp\/v2\/comments?post=5192"}],"version-history":[{"count":3,"href":"https:\/\/www.ades-grenoble.org\/wordpress\/wp-json\/wp\/v2\/posts\/5192\/revisions"}],"predecessor-version":[{"id":5195,"href":"https:\/\/www.ades-grenoble.org\/wordpress\/wp-json\/wp\/v2\/posts\/5192\/revisions\/5195"}],"wp:attachment":[{"href":"https:\/\/www.ades-grenoble.org\/wordpress\/wp-json\/wp\/v2\/media?parent=5192"}],"wp:term":[{"taxonomy":"category","embeddable":true,"href":"https:\/\/www.ades-grenoble.org\/wordpress\/wp-json\/wp\/v2\/categories?post=5192"},{"taxonomy":"post_tag","embeddable":true,"href":"https:\/\/www.ades-grenoble.org\/wordpress\/wp-json\/wp\/v2\/tags?post=5192"}],"curies":[{"name":"wp","href":"https:\/\/api.w.org\/{rel}","templated":true}]}}