{"id":5258,"date":"2012-02-14T18:53:07","date_gmt":"2012-02-14T16:53:07","guid":{"rendered":"http:\/\/www.ades-grenoble.org\/wordpress\/?p=5258"},"modified":"2012-05-25T22:07:42","modified_gmt":"2012-05-25T20:07:42","slug":"lidex-grenoblois-naurait-obtenu-aucune-voix-du-jury-international","status":"publish","type":"post","link":"https:\/\/www.ades-grenoble.org\/wordpress\/2012\/02\/14\/lidex-grenoblois-naurait-obtenu-aucune-voix-du-jury-international\/","title":{"rendered":"L\u2019IDEX Grenoblois n\u2019aurait obtenu aucune voix du jury international !"},"content":{"rendered":"<p><em>Communiqu\u00e9 du 13 f\u00e9vrier 2012<\/em><\/p>\n<p><a href=\"http:\/\/www.ades-grenoble.org\/wordpress\/2012\/02\/11\/idex-pourquoi-lechec\/\">Le jury international qui a vot\u00e9 sur les dossiers pr\u00e9sent\u00e9s par les candidats \u00e0 l\u2019IDEX n\u2019aurait accord\u00e9 aucune voix au dossier grenoblois\u00a0!<\/a><\/p>\n<p>Le pr\u00e9sident du jury, Jean-Marc Rapp qui est professeur de droit \u00e0 l&rsquo;Universit\u00e9 de Lausanne a pr\u00e9cis\u00e9 qu\u2019il \u00e9tait tr\u00e8s important que tous les porteurs de projets soient engag\u00e9s collectivement dans la m\u00eame d\u00e9marche de transformation et que la qualit\u00e9 scientifique \u00e9tait pr\u00e9sente chez tout le monde.<\/p>\n<p>Ceci confirme l\u2019analyse de l\u2019ADES qui pointait le d\u00e9ficit de gouvernance du site universitaire, l\u2019absence d\u2019universit\u00e9 unique et l\u2019absence d\u2019association des acteurs r\u00e9els du site (enseignants, chercheurs, \u00e9tudiants, personnels). La qualit\u00e9 scientifique n\u2019\u00e9tant pas en cause.<\/p>\n<p>Depuis des ann\u00e9es les responsables politiques et en premier lieu, Michel Destot et Genevi\u00e8ve Fioraso ont essay\u00e9 d\u2019imposer leurs vues sur l\u2019\u00e9volution de l\u2019universit\u00e9 et de la recherche grenobloise, en privil\u00e9giant la technologie, notamment li\u00e9e au CEA. Le projet GIANT, pr\u00e9par\u00e9 dans le plus grand secret a \u00e9t\u00e9 un facteur de profonde division du milieu universitaire et de sa d\u00e9mobilisation. La grande priorit\u00e9 donn\u00e9e depuis des ann\u00e9es au pilotage de la recherche publique par l\u2019aval est aussi une h\u00e9r\u00e9sie lorsque l\u2019on sait que la recherche fondamentale ne se pilote pas comme un programme technologique.<\/p>\n<p>L\u2019ADES a souvent tir\u00e9 le signal d\u2019alarme devant cette politique \u00e0 courte vue. Le r\u00f4le des responsables politiques et des collectivit\u00e9s locales est d\u2019aider \u00e0 l\u2019\u00e9mergence d\u2019une grande universit\u00e9 qui conserve les \u00e9quilibres entre th\u00e9matiques et entre territoires en veillant \u00e0 une construction d\u00e9mocratique.<\/p>\n<p>L\u2019ADES regrette que le management politique de l&rsquo;organisation de la science \u00e0 Grenoble soit si d\u00e9plorable. Le maire a une responsabilit\u00e9 consid\u00e9rable dans ce dossier.<\/p>\n","protected":false},"excerpt":{"rendered":"<p>Communiqu\u00e9 du 13 f\u00e9vrier 2012 Le jury international qui a vot\u00e9 sur les dossiers pr\u00e9sent\u00e9s par les candidats \u00e0 l\u2019IDEX n\u2019aurait accord\u00e9 aucune voix au dossier grenoblois\u00a0! Le pr\u00e9sident du jury, Jean-Marc Rapp qui est professeur de droit \u00e0 l&rsquo;Universit\u00e9 de Lausanne a pr\u00e9cis\u00e9 qu\u2019il \u00e9tait tr\u00e8s important que tous les porteurs de projets soient [&hellip;]<\/p>\n","protected":false},"author":1,"featured_media":0,"comment_status":"closed","ping_status":"open","sticky":false,"template":"","format":"standard","meta":{"twitterCardType":"","cardImageID":0,"cardImage":"","cardTitle":"","cardDesc":"","cardImageAlt":"","cardPlayer":"","cardPlayerWidth":0,"cardPlayerHeight":0,"cardPlayerStream":"","cardPlayerCodec":"","footnotes":""},"categories":[11],"tags":[3,69,112,234],"class_list":["post-5258","post","type-post","status-publish","format-standard","hentry","category-politique-locale","tag-communiques","tag-ens-superieur-et-recherche","tag-fioraso","tag-giant"],"_links":{"self":[{"href":"https:\/\/www.ades-grenoble.org\/wordpress\/wp-json\/wp\/v2\/posts\/5258","targetHints":{"allow":["GET"]}}],"collection":[{"href":"https:\/\/www.ades-grenoble.org\/wordpress\/wp-json\/wp\/v2\/posts"}],"about":[{"href":"https:\/\/www.ades-grenoble.org\/wordpress\/wp-json\/wp\/v2\/types\/post"}],"author":[{"embeddable":true,"href":"https:\/\/www.ades-grenoble.org\/wordpress\/wp-json\/wp\/v2\/users\/1"}],"replies":[{"embeddable":true,"href":"https:\/\/www.ades-grenoble.org\/wordpress\/wp-json\/wp\/v2\/comments?post=5258"}],"version-history":[{"count":4,"href":"https:\/\/www.ades-grenoble.org\/wordpress\/wp-json\/wp\/v2\/posts\/5258\/revisions"}],"predecessor-version":[{"id":5792,"href":"https:\/\/www.ades-grenoble.org\/wordpress\/wp-json\/wp\/v2\/posts\/5258\/revisions\/5792"}],"wp:attachment":[{"href":"https:\/\/www.ades-grenoble.org\/wordpress\/wp-json\/wp\/v2\/media?parent=5258"}],"wp:term":[{"taxonomy":"category","embeddable":true,"href":"https:\/\/www.ades-grenoble.org\/wordpress\/wp-json\/wp\/v2\/categories?post=5258"},{"taxonomy":"post_tag","embeddable":true,"href":"https:\/\/www.ades-grenoble.org\/wordpress\/wp-json\/wp\/v2\/tags?post=5258"}],"curies":[{"name":"wp","href":"https:\/\/api.w.org\/{rel}","templated":true}]}}