{"id":5273,"date":"2012-02-17T20:01:07","date_gmt":"2012-02-17T18:01:07","guid":{"rendered":"http:\/\/www.ades-grenoble.org\/wordpress\/?p=5273"},"modified":"2012-02-17T20:01:07","modified_gmt":"2012-02-17T18:01:07","slug":"impots-locaux-il-faut-etre-precis","status":"publish","type":"post","link":"https:\/\/www.ades-grenoble.org\/wordpress\/2012\/02\/17\/impots-locaux-il-faut-etre-precis\/","title":{"rendered":"Imp\u00f4ts locaux, il faut \u00eatre pr\u00e9cis"},"content":{"rendered":"<p>Il est p\u00e9nible de devoir corriger syst\u00e9matiquement les annonces simplistes de la majorit\u00e9 municipale sur l\u2019\u00e9volution de la pression fiscale locale.<\/p>\n<p>Dans le dernier num\u00e9ro des Nouvelles de Grenoble (f\u00e9vrier \u2013mars 2012, page 12), on apprend que la majorit\u00e9 a choisi la non-augmentation des imp\u00f4ts locaux depuis 2009\u00a0!<\/p>\n<p>En fait la majorit\u00e9 a augment\u00e9 violemment les taux de 9% pour l\u2019ann\u00e9e 2009 puis ne les a plus augment\u00e9 et ceci devrait \u00eatre le cas jusqu\u2019\u00e0 la fin du mandat.<\/p>\n<p>Pourtant les contribuables voient leurs imp\u00f4ts augmenter r\u00e9guli\u00e8rement. En effet, c&rsquo;est en augmentant chaque ann\u00e9e les bases fiscales du niveau de l\u2019inflation, que le gouvernement fait \u00e9voluer d&rsquo;autant les imp\u00f4ts m\u00eame si les taux restent stables.<\/p>\n<p>Donc il est faux d\u2019annoncer la non-augmentation des imp\u00f4ts locaux.<\/p>\n<p><!--more-->La ville encaisse chaque ann\u00e9e des augmentations suppl\u00e9mentaires li\u00e9es \u00e0 la hausse physique des bases fiscales (environ 1% par an) en raison des nouveaux b\u00e2timents impos\u00e9s.<\/p>\n<p>Le graphique pr\u00e9sente les sommes encaiss\u00e9es par la ville provenant des imp\u00f4ts m\u00e9nages (taxe d\u2019habitation et taxes fonci\u00e8res) depuis 2008 et les sommes qui auraient \u00e9t\u00e9 encaiss\u00e9es si seule l\u2019inflation avait jou\u00e9e depuis 2008. La diff\u00e9rence repr\u00e9sente plus de 50 millions d\u2019euros encaiss\u00e9s en suppl\u00e9ment de la seule inflation.<\/p>\n<p><img loading=\"lazy\" decoding=\"async\" class=\"aligncenter size-full wp-image-5276\" title=\"2012-hausse_impots_locaux_grenoble\" src=\"http:\/\/www.ades-grenoble.org\/wordpress\/wp-content\/uploads\/2012\/02\/2012-hausse_impots_locaux_grenoble.jpg\" alt=\"\" width=\"621\" height=\"257\" srcset=\"https:\/\/www.ades-grenoble.org\/wordpress\/wp-content\/uploads\/2012\/02\/2012-hausse_impots_locaux_grenoble.jpg 621w, https:\/\/www.ades-grenoble.org\/wordpress\/wp-content\/uploads\/2012\/02\/2012-hausse_impots_locaux_grenoble-150x62.jpg 150w, https:\/\/www.ades-grenoble.org\/wordpress\/wp-content\/uploads\/2012\/02\/2012-hausse_impots_locaux_grenoble-300x124.jpg 300w\" sizes=\"auto, (max-width: 621px) 100vw, 621px\" \/><\/p>\n<p>La seule hausse des taux de 9% en 2009 a permis \u00e0 la ville d\u2019engranger 40 millions de plus.<\/p>\n<p>Les \u00e9lus \u00e9cologistes ont propos\u00e9 une autre politique budg\u00e9taire en d\u00e9montrant qu\u2019il \u00e9tait possible de ne pas accro\u00eetre les taux des imp\u00f4ts locaux ou de le faire de mani\u00e8re bien moins forte. Cette solution \u00e9tait pertinente puisque l\u2019\u00e9volution physique des bases a rapport\u00e9 11 millions de plus entre 2008 et 2012 et que le d\u00e9sengagement de l\u2019Etat \u00e9tait seulement de 3 millions sur cette p\u00e9riode. Les 8 millions suppl\u00e9mentaires accompagn\u00e9s d\u2019une solide ma\u00eetrise des d\u00e9penses de fonctionnement et l\u2019abandon des investissements de prestige permettaient de boucler des budgets sans augmenter la dette.<\/p>\n<p>Conclusion\u00a0: la majorit\u00e9 n\u2019a pas le droit de faire croire \u00e0 une non-augmentation des imp\u00f4ts locaux, ce n\u2019est plus de l\u2019information mais de la mauvaise propagande.<\/p>\n","protected":false},"excerpt":{"rendered":"<p>Il est p\u00e9nible de devoir corriger syst\u00e9matiquement les annonces simplistes de la majorit\u00e9 municipale sur l\u2019\u00e9volution de la pression fiscale locale. Dans le dernier num\u00e9ro des Nouvelles de Grenoble (f\u00e9vrier \u2013mars 2012, page 12), on apprend que la majorit\u00e9 a choisi la non-augmentation des imp\u00f4ts locaux depuis 2009\u00a0! En fait la majorit\u00e9 a augment\u00e9 violemment [&hellip;]<\/p>\n","protected":false},"author":1,"featured_media":0,"comment_status":"closed","ping_status":"open","sticky":false,"template":"","format":"standard","meta":{"twitterCardType":"","cardImageID":0,"cardImage":"","cardTitle":"","cardDesc":"","cardImageAlt":"","cardPlayer":"","cardPlayerWidth":0,"cardPlayerHeight":0,"cardPlayerStream":"","cardPlayerCodec":"","footnotes":""},"categories":[11],"tags":[47,19],"class_list":["post-5273","post","type-post","status-publish","format-standard","hentry","category-politique-locale","tag-budget-alternatif","tag-impots"],"_links":{"self":[{"href":"https:\/\/www.ades-grenoble.org\/wordpress\/wp-json\/wp\/v2\/posts\/5273","targetHints":{"allow":["GET"]}}],"collection":[{"href":"https:\/\/www.ades-grenoble.org\/wordpress\/wp-json\/wp\/v2\/posts"}],"about":[{"href":"https:\/\/www.ades-grenoble.org\/wordpress\/wp-json\/wp\/v2\/types\/post"}],"author":[{"embeddable":true,"href":"https:\/\/www.ades-grenoble.org\/wordpress\/wp-json\/wp\/v2\/users\/1"}],"replies":[{"embeddable":true,"href":"https:\/\/www.ades-grenoble.org\/wordpress\/wp-json\/wp\/v2\/comments?post=5273"}],"version-history":[{"count":3,"href":"https:\/\/www.ades-grenoble.org\/wordpress\/wp-json\/wp\/v2\/posts\/5273\/revisions"}],"predecessor-version":[{"id":5277,"href":"https:\/\/www.ades-grenoble.org\/wordpress\/wp-json\/wp\/v2\/posts\/5273\/revisions\/5277"}],"wp:attachment":[{"href":"https:\/\/www.ades-grenoble.org\/wordpress\/wp-json\/wp\/v2\/media?parent=5273"}],"wp:term":[{"taxonomy":"category","embeddable":true,"href":"https:\/\/www.ades-grenoble.org\/wordpress\/wp-json\/wp\/v2\/categories?post=5273"},{"taxonomy":"post_tag","embeddable":true,"href":"https:\/\/www.ades-grenoble.org\/wordpress\/wp-json\/wp\/v2\/tags?post=5273"}],"curies":[{"name":"wp","href":"https:\/\/api.w.org\/{rel}","templated":true}]}}