{"id":5284,"date":"2012-02-17T20:07:12","date_gmt":"2012-02-17T18:07:12","guid":{"rendered":"http:\/\/www.ades-grenoble.org\/wordpress\/?p=5284"},"modified":"2012-02-17T20:07:12","modified_gmt":"2012-02-17T18:07:12","slug":"precision-sur-la-reconstruction-du-lycee-mounier","status":"publish","type":"post","link":"https:\/\/www.ades-grenoble.org\/wordpress\/2012\/02\/17\/precision-sur-la-reconstruction-du-lycee-mounier\/","title":{"rendered":"Pr\u00e9cision sur la reconstruction du lyc\u00e9e Mounier"},"content":{"rendered":"<p><img loading=\"lazy\" decoding=\"async\" class=\"alignleft size-thumbnail wp-image-2431\" style=\"margin: 5px;\" title=\"we-love-mounier\" src=\"http:\/\/www.ades-grenoble.org\/wordpress\/wp-content\/uploads\/2010\/10\/we-love-mounier-150x72.jpg\" alt=\"\" width=\"150\" height=\"72\" srcset=\"https:\/\/www.ades-grenoble.org\/wordpress\/wp-content\/uploads\/2010\/10\/we-love-mounier-150x72.jpg 150w, https:\/\/www.ades-grenoble.org\/wordpress\/wp-content\/uploads\/2010\/10\/we-love-mounier-300x145.jpg 300w, https:\/\/www.ades-grenoble.org\/wordpress\/wp-content\/uploads\/2010\/10\/we-love-mounier.jpg 442w\" sizes=\"auto, (max-width: 150px) 100vw, 150px\" \/><a href=\"http:\/\/www.ades-grenoble.org\/wordpress\/2012\/02\/11\/mounier-la-mobilisation-continue\/\">Notre article pr\u00e9c\u00e9dent<\/a> pouvait laisser comprendre que la reconstruction du lyc\u00e9e ne se ferait pas sur le site actuel, il n\u2019en est rien, la reconstruction se fera le long de la rue Peretto et non \u00e0 la place des b\u00e2timents actuels, ce qui permet la reconstruction tout en maintenant les activit\u00e9s sur le site.<\/p>\n<p>Autre pr\u00e9cision\u00a0: si le recteur n&rsquo;organise pas le retour des BTS \u00e0 la rentr\u00e9e 2012, les diff\u00e9rentes options sont, fort heureusement, maintenues pour les secondes, premi\u00e8res et terminales.<\/p>\n<p>La mobilisation pour que le Recteur applique le jugement du tribunal administratif se poursuit. Esp\u00e9rons que la p\u00e9riode \u00e9lectorale sera propice \u00e0 le faire changer d\u2019attitude et que le nombre de secondes soit augment\u00e9 d\u00e8s la rentr\u00e9e permettant de revenir \u00e0 l\u2019ancien district de recrutement du lyc\u00e9e, incluant le coll\u00e8ge M\u00fcnch.<\/p>\n","protected":false},"excerpt":{"rendered":"<p>Notre article pr\u00e9c\u00e9dent pouvait laisser comprendre que la reconstruction du lyc\u00e9e ne se ferait pas sur le site actuel, il n\u2019en est rien, la reconstruction se fera le long de la rue Peretto et non \u00e0 la place des b\u00e2timents actuels, ce qui permet la reconstruction tout en maintenant les activit\u00e9s sur le site. Autre [&hellip;]<\/p>\n","protected":false},"author":1,"featured_media":0,"comment_status":"closed","ping_status":"open","sticky":false,"template":"","format":"standard","meta":{"twitterCardType":"","cardImageID":0,"cardImage":"","cardTitle":"","cardDesc":"","cardImageAlt":"","cardPlayer":"","cardPlayerWidth":0,"cardPlayerHeight":0,"cardPlayerStream":"","cardPlayerCodec":"","footnotes":""},"categories":[11],"tags":[84],"class_list":["post-5284","post","type-post","status-publish","format-standard","hentry","category-politique-locale","tag-mounier"],"_links":{"self":[{"href":"https:\/\/www.ades-grenoble.org\/wordpress\/wp-json\/wp\/v2\/posts\/5284","targetHints":{"allow":["GET"]}}],"collection":[{"href":"https:\/\/www.ades-grenoble.org\/wordpress\/wp-json\/wp\/v2\/posts"}],"about":[{"href":"https:\/\/www.ades-grenoble.org\/wordpress\/wp-json\/wp\/v2\/types\/post"}],"author":[{"embeddable":true,"href":"https:\/\/www.ades-grenoble.org\/wordpress\/wp-json\/wp\/v2\/users\/1"}],"replies":[{"embeddable":true,"href":"https:\/\/www.ades-grenoble.org\/wordpress\/wp-json\/wp\/v2\/comments?post=5284"}],"version-history":[{"count":3,"href":"https:\/\/www.ades-grenoble.org\/wordpress\/wp-json\/wp\/v2\/posts\/5284\/revisions"}],"predecessor-version":[{"id":5288,"href":"https:\/\/www.ades-grenoble.org\/wordpress\/wp-json\/wp\/v2\/posts\/5284\/revisions\/5288"}],"wp:attachment":[{"href":"https:\/\/www.ades-grenoble.org\/wordpress\/wp-json\/wp\/v2\/media?parent=5284"}],"wp:term":[{"taxonomy":"category","embeddable":true,"href":"https:\/\/www.ades-grenoble.org\/wordpress\/wp-json\/wp\/v2\/categories?post=5284"},{"taxonomy":"post_tag","embeddable":true,"href":"https:\/\/www.ades-grenoble.org\/wordpress\/wp-json\/wp\/v2\/tags?post=5284"}],"curies":[{"name":"wp","href":"https:\/\/api.w.org\/{rel}","templated":true}]}}