{"id":5603,"date":"2012-04-27T21:07:27","date_gmt":"2012-04-27T19:07:27","guid":{"rendered":"http:\/\/www.ades-grenoble.org\/wordpress\/?p=5603"},"modified":"2012-04-27T21:07:27","modified_gmt":"2012-04-27T19:07:27","slug":"esplanade-gros-mensonge-sur-le-ccs2","status":"publish","type":"post","link":"https:\/\/www.ades-grenoble.org\/wordpress\/2012\/04\/27\/esplanade-gros-mensonge-sur-le-ccs2\/","title":{"rendered":"Esplanade : gros mensonge sur le CCS2 !"},"content":{"rendered":"<p><img loading=\"lazy\" decoding=\"async\" class=\"alignleft\" style=\"margin: 5px;\" title=\"vivre-a-grenoble-esplanade\" src=\"http:\/\/www.ades-grenoble.org\/wordpress\/wp-content\/uploads\/2012\/04\/vivre-a-grenoble-esplanade-300x130.jpg\" alt=\"\" width=\"300\" height=\"130\" \/>La majorit\u00e9 municipale, maire en t\u00eate, est pass\u00e9e ma\u00eetre dans la pratique du mensonge pour tenter d\u2019enrayer la contestation qui ne cesse de monter \u00e0 propos de sa politique d\u2019urbanisme. Lors de la conf\u00e9rence de presse rapport\u00e9e dans le Dauphin\u00e9 Lib\u00e9r\u00e9 du 26 avril 2012, Alain Pilaud, copr\u00e9sident \u00e9lu du Conseil Consultatif du Secteur 2 (centre ville) explique que ce dernier a avalis\u00e9 l\u2019ensemble du projet de l\u2019Esplanade \u00e0 l\u2019exception du trac\u00e9 du tramway. Ceci est un gros mensonge. Concernant les projets pr\u00e9sent\u00e9s par la ville, le CCS2 a adopt\u00e9 une m\u00e9thode de travail qui peut \u00eatre discutable mais qui consiste \u00e0 donner des avis positifs sur les points de consensus, \u00e0 indiquer les points qui font d\u00e9bat et ceux sur lesquels un avis n\u00e9gatif est tr\u00e8s largement partag\u00e9. Il suffit de <a href=\"http:\/\/www.ccsgrenoble.org\/avis\/1067\/Avis_Esplanade\" target=\"_blank\">lire l\u2019avis du CCS2<\/a>, pr\u00e9sent\u00e9 au conseil municipal, sur le projet de l\u2019Esplanade pour constater qu\u2019il n\u2019a pas avalis\u00e9 l\u2019ensemble du projet de la mairie, loin s&rsquo;en faut.<\/p>\n<p><!--more-->Le CCS2 a donn\u00e9 un accord pour la d\u00e9construction de l\u2019autoroute et sur la cr\u00e9ation d\u2019un nouveau quartier de centre ville en lien avec les quartiers voisins. Il a \u00e9mis des r\u00e9serves sur les d\u00e9placements, le stationnement et \u00e0 la quasi unanimit\u00e9 il a vot\u00e9 contre le trac\u00e9 du tram. Une de ses recommandations porte sur la r\u00e9alisation d&rsquo;une salle multisports et d&rsquo;un \u00e9quipement culturel. En aucun cas il n\u2019a cautionn\u00e9 le projet de la mairie et ne s\u2019est prononc\u00e9 ni sur le nombre de logements ni sur leur disposition, points qui n\u2019ont jamais fait consensus parmi les membres du CCS2.<\/p>\n<p>On sent poindre un vent de panique \u00e0 la mairie devant la contestation montante pour utiliser ainsi les CCS en les d\u00e9tournant de leur vraie fonction. On a d\u00e9j\u00e0 vu <a href=\"http:\/\/www.ades-grenoble.org\/wordpress\/2012\/04\/13\/objectif-dupes\/\">lors du d\u00e9bat sur la ZAC Flaubert, la majorit\u00e9 municipale tordre l\u2019avis tr\u00e8s critique du CCS4<\/a>. Aujourd&rsquo;hui elle essaie de faire dire au CCS2 qu\u2019il approuve le projet de l\u2019Esplanade. Au moment o\u00f9 la ville relance les activit\u00e9s des CCS il est politiquement tr\u00e8s maladroit de les instrumentaliser de la sorte. Les CCS peuvent \u00eatre des lieux utiles \u00e0 condition qu\u2019ils soient scrupuleusement respect\u00e9s et non utilis\u00e9s pour des int\u00e9r\u00eats politiciens \u00e0 court terme.<\/p>\n<p>Notons aussi que l\u2019offensive contre les unions de quartiers est relanc\u00e9e par une petite phrase du maire dans le Dauphin\u00e9 du 17 avril 2012\u00a0: \u00ab il faut avoir une vision globale et raisonner en terme de secteurs plut\u00f4t qu\u2019en quartiers \u00bb.<\/p>\n<p>D\u00e9j\u00e0 au moment de l\u2019adoption de la \u00ab\u00a0charte de la d\u00e9mocratie locale\u00a0\u00bb, la majorit\u00e9 municipale voulait obliger les Unions de Quartiers \u00e0 la signer et \u00e0 s\u2019engager \u00e0 participer aux travaux des CCS (voir article 27 de la charte). De nombreuses Unions de Quartier participent aux CCS, mais elles ont refus\u00e9 de signer la charte. Il ne faut pas opposer les diff\u00e9rents niveaux d\u2019action et de r\u00e9flexion, les unions de quartiers sont des associations ind\u00e9pendantes de la mairie, les CCS sont une cr\u00e9ation municipale qui pourrait renforcer la d\u00e9mocratie locale si la politique municipale allait dans ce sens, ce qui n\u2019est pas le cas actuellement.<\/p>\n","protected":false},"excerpt":{"rendered":"<p>La majorit\u00e9 municipale, maire en t\u00eate, est pass\u00e9e ma\u00eetre dans la pratique du mensonge pour tenter d\u2019enrayer la contestation qui ne cesse de monter \u00e0 propos de sa politique d\u2019urbanisme. Lors de la conf\u00e9rence de presse rapport\u00e9e dans le Dauphin\u00e9 Lib\u00e9r\u00e9 du 26 avril 2012, Alain Pilaud, copr\u00e9sident \u00e9lu du Conseil Consultatif du Secteur 2 [&hellip;]<\/p>\n","protected":false},"author":1,"featured_media":0,"comment_status":"closed","ping_status":"open","sticky":false,"template":"","format":"standard","meta":{"twitterCardType":"","cardImageID":0,"cardImage":"","cardTitle":"","cardDesc":"","cardImageAlt":"","cardPlayer":"","cardPlayerWidth":0,"cardPlayerHeight":0,"cardPlayerStream":"","cardPlayerCodec":"","footnotes":""},"categories":[11],"tags":[35,25,65],"class_list":["post-5603","post","type-post","status-publish","format-standard","hentry","category-politique-locale","tag-democratie-locale","tag-esplanade","tag-urbanisme"],"_links":{"self":[{"href":"https:\/\/www.ades-grenoble.org\/wordpress\/wp-json\/wp\/v2\/posts\/5603","targetHints":{"allow":["GET"]}}],"collection":[{"href":"https:\/\/www.ades-grenoble.org\/wordpress\/wp-json\/wp\/v2\/posts"}],"about":[{"href":"https:\/\/www.ades-grenoble.org\/wordpress\/wp-json\/wp\/v2\/types\/post"}],"author":[{"embeddable":true,"href":"https:\/\/www.ades-grenoble.org\/wordpress\/wp-json\/wp\/v2\/users\/1"}],"replies":[{"embeddable":true,"href":"https:\/\/www.ades-grenoble.org\/wordpress\/wp-json\/wp\/v2\/comments?post=5603"}],"version-history":[{"count":3,"href":"https:\/\/www.ades-grenoble.org\/wordpress\/wp-json\/wp\/v2\/posts\/5603\/revisions"}],"predecessor-version":[{"id":5606,"href":"https:\/\/www.ades-grenoble.org\/wordpress\/wp-json\/wp\/v2\/posts\/5603\/revisions\/5606"}],"wp:attachment":[{"href":"https:\/\/www.ades-grenoble.org\/wordpress\/wp-json\/wp\/v2\/media?parent=5603"}],"wp:term":[{"taxonomy":"category","embeddable":true,"href":"https:\/\/www.ades-grenoble.org\/wordpress\/wp-json\/wp\/v2\/categories?post=5603"},{"taxonomy":"post_tag","embeddable":true,"href":"https:\/\/www.ades-grenoble.org\/wordpress\/wp-json\/wp\/v2\/tags?post=5603"}],"curies":[{"name":"wp","href":"https:\/\/api.w.org\/{rel}","templated":true}]}}