{"id":5885,"date":"2012-06-15T21:58:32","date_gmt":"2012-06-15T19:58:32","guid":{"rendered":"http:\/\/www.ades-grenoble.org\/wordpress\/?p=5885"},"modified":"2012-06-15T21:58:32","modified_gmt":"2012-06-15T19:58:32","slug":"mounier-toujours","status":"publish","type":"post","link":"https:\/\/www.ades-grenoble.org\/wordpress\/2012\/06\/15\/mounier-toujours\/","title":{"rendered":"Mounier toujours\u2026"},"content":{"rendered":"<p><img loading=\"lazy\" decoding=\"async\" class=\"alignleft size-thumbnail wp-image-2431\" style=\"margin: 5px;\" title=\"we-love-mounier\" src=\"http:\/\/www.ades-grenoble.org\/wordpress\/wp-content\/uploads\/2010\/10\/we-love-mounier-150x72.jpg\" alt=\"\" width=\"150\" height=\"72\" srcset=\"https:\/\/www.ades-grenoble.org\/wordpress\/wp-content\/uploads\/2010\/10\/we-love-mounier-150x72.jpg 150w, https:\/\/www.ades-grenoble.org\/wordpress\/wp-content\/uploads\/2010\/10\/we-love-mounier-300x145.jpg 300w, https:\/\/www.ades-grenoble.org\/wordpress\/wp-content\/uploads\/2010\/10\/we-love-mounier.jpg 442w\" sizes=\"auto, (max-width: 150px) 100vw, 150px\" \/>Les autorit\u00e9s acad\u00e9miques ont enfin publi\u00e9 leurs arr\u00eat\u00e9s fixant le secteur de recrutement des lyc\u00e9es grenoblois et les effectifs maximum que peuvent accueillir chaque lyc\u00e9e en seconde, premi\u00e8re et terminale.<\/p>\n<p>Dans son arr\u00eat\u00e9 du 1er juin, le recteur pr\u00e9cise les limites territoriales des districts de desserte des lyc\u00e9es. Depuis des semaines, les principaux des coll\u00e8ges appliquaient des d\u00e9cisions non \u00e9crites du rectorat. Pour rendre irr\u00e9versible la nouvelle situation, le recteur a retard\u00e9 au maximum son arr\u00eat\u00e9 \u00e9vitant ainsi des recours en justice qui auraient pu bloquer ses actions. Donc seule la moiti\u00e9 des \u00e9l\u00e8ves de la zone du coll\u00e8ge Mounier aura le droit de s\u2019inscrire en seconde \u00e0 Mounier. La directrice acad\u00e9mique a arr\u00eat\u00e9 le 2 juin le nombre maximum d\u2019\u00e9l\u00e8ves de seconde pouvant \u00eatre accueillis \u00e0 Mounier, soit 140.<\/p>\n<p>Ainsi tout a \u00e9t\u00e9 pr\u00e9par\u00e9 pour ne pas revenir \u00e0 la situation initiale et donc normale du lyc\u00e9e Mounier, alors que les locaux sont disponibles et les moyens en enseignants aussi. Au m\u00e9pris du bon fonctionnement d\u2019un service public obligatoire, le recteur r\u00e8gle ses comptes, et profite du silence complaisant des politiques. Le changement n\u2019est pas encore pour maintenant.<\/p>\n<p>Une bonne chose tout de m\u00eame :<\/p>\n<p><!--more-->le 14 juin dernier, \u00e0 l&rsquo;audience de la Cour Administrative d&rsquo;Appel de Lyon, le rapporteur public a conclu au rejet du recours du minist\u00e8re de l\u2019\u00e9ducation nationale (\u00e0 la demande du recteur) contre <a href=\"http:\/\/www.ades-grenoble.org\/wordpress\/2011\/11\/25\/lycee-mounier-victoire-contre-larbitraire\/\">le jugement du tribunal administratif du 24 novembre 2011<\/a> qui jugeait ill\u00e9gales les d\u00e9cisions du pr\u00e9sident de la r\u00e9gion, du recteur et de l\u2019inspectrice d\u2019acad\u00e9mie. En g\u00e9n\u00e9ral les conclusions du rapporteur public sont suivies par la Cour.<\/p>\n<p>Notons qu\u2019il n\u2019y a pas qu\u2019au lyc\u00e9e Mounier que la rentr\u00e9e se pr\u00e9pare dans de mauvaises conditions, le service public de l\u2019\u00e9ducation a \u00e9t\u00e9 tr\u00e8s mal trait\u00e9 ces derni\u00e8res ann\u00e9es, mais l\u2019affaire Mounier est symptomatique de la d\u00e9gradation du service public. Que la collectivit\u00e9 \u00e9ducative se soit mobilis\u00e9e pour refuser des d\u00e9cisions ill\u00e9gales d\u00e9montre que la r\u00e9sistance est possible.<\/p>\n","protected":false},"excerpt":{"rendered":"<p>Les autorit\u00e9s acad\u00e9miques ont enfin publi\u00e9 leurs arr\u00eat\u00e9s fixant le secteur de recrutement des lyc\u00e9es grenoblois et les effectifs maximum que peuvent accueillir chaque lyc\u00e9e en seconde, premi\u00e8re et terminale. Dans son arr\u00eat\u00e9 du 1er juin, le recteur pr\u00e9cise les limites territoriales des districts de desserte des lyc\u00e9es. Depuis des semaines, les principaux des coll\u00e8ges [&hellip;]<\/p>\n","protected":false},"author":1,"featured_media":0,"comment_status":"closed","ping_status":"open","sticky":false,"template":"","format":"standard","meta":{"twitterCardType":"","cardImageID":0,"cardImage":"","cardTitle":"","cardDesc":"","cardImageAlt":"","cardPlayer":"","cardPlayerWidth":0,"cardPlayerHeight":0,"cardPlayerStream":"","cardPlayerCodec":"","footnotes":""},"categories":[11],"tags":[84],"class_list":["post-5885","post","type-post","status-publish","format-standard","hentry","category-politique-locale","tag-mounier"],"_links":{"self":[{"href":"https:\/\/www.ades-grenoble.org\/wordpress\/wp-json\/wp\/v2\/posts\/5885","targetHints":{"allow":["GET"]}}],"collection":[{"href":"https:\/\/www.ades-grenoble.org\/wordpress\/wp-json\/wp\/v2\/posts"}],"about":[{"href":"https:\/\/www.ades-grenoble.org\/wordpress\/wp-json\/wp\/v2\/types\/post"}],"author":[{"embeddable":true,"href":"https:\/\/www.ades-grenoble.org\/wordpress\/wp-json\/wp\/v2\/users\/1"}],"replies":[{"embeddable":true,"href":"https:\/\/www.ades-grenoble.org\/wordpress\/wp-json\/wp\/v2\/comments?post=5885"}],"version-history":[{"count":2,"href":"https:\/\/www.ades-grenoble.org\/wordpress\/wp-json\/wp\/v2\/posts\/5885\/revisions"}],"predecessor-version":[{"id":5887,"href":"https:\/\/www.ades-grenoble.org\/wordpress\/wp-json\/wp\/v2\/posts\/5885\/revisions\/5887"}],"wp:attachment":[{"href":"https:\/\/www.ades-grenoble.org\/wordpress\/wp-json\/wp\/v2\/media?parent=5885"}],"wp:term":[{"taxonomy":"category","embeddable":true,"href":"https:\/\/www.ades-grenoble.org\/wordpress\/wp-json\/wp\/v2\/categories?post=5885"},{"taxonomy":"post_tag","embeddable":true,"href":"https:\/\/www.ades-grenoble.org\/wordpress\/wp-json\/wp\/v2\/tags?post=5885"}],"curies":[{"name":"wp","href":"https:\/\/api.w.org\/{rel}","templated":true}]}}