{"id":5888,"date":"2012-06-15T22:00:30","date_gmt":"2012-06-15T20:00:30","guid":{"rendered":"http:\/\/www.ades-grenoble.org\/wordpress\/?p=5888"},"modified":"2012-06-15T22:05:25","modified_gmt":"2012-06-15T20:05:25","slug":"les-enquetes-publiques-sur-le-plu-enfin-accessibles","status":"publish","type":"post","link":"https:\/\/www.ades-grenoble.org\/wordpress\/2012\/06\/15\/les-enquetes-publiques-sur-le-plu-enfin-accessibles\/","title":{"rendered":"Les enqu\u00eates publiques sur le PLU, enfin accessibles !"},"content":{"rendered":"<p>Le mardi 12 juin dans l\u2019apr\u00e8s midi (soit avec 12 jours de retard\u00a0!), les Grenoblois ont pu enfin acc\u00e9der aux rapports et conclusions du commissaire enqu\u00eateur sur les transformations du PLU (Plan Local d&rsquo;Urbanisme) concernant une tr\u00e8s grande surface de la ville : Esplanade, Presqu\u2019\u00eele, Flaubert et Ch\u00e2telet. Comme on pouvait l&rsquo;imaginer, le commissaire enqu\u00eateur a mis deux mois de plus que pr\u00e9vu pour r\u00e9diger ses rapports et conclusions. En effet, malgr\u00e9 leur importance les dossiers ont \u00e9t\u00e9 confi\u00e9s au m\u00eame commissaire par la volont\u00e9 de la ville. Ce dernier a donn\u00e9 des avis favorables sans aucune r\u00e9serve, mais quelques recommandations. Le conseil municipal du 25 juin va arr\u00eater les transformations du PLU suite \u00e0 ces enqu\u00eates. Ce n\u2019est qu\u2019\u00e0 l\u2019automne que le conseil municipal mettra en chantier la r\u00e9vision g\u00e9n\u00e9rale du PLU impos\u00e9e par la loi. Mais comme toutes les grandes op\u00e9rations d\u2019urbanisme auront \u00e9t\u00e9 lanc\u00e9es, il ne s\u2019agira que d\u2019un simple toilettage, sauf si les habitants imposent la mise en place de v\u00e9ritables ateliers populaires d\u2019urbanisme pour un travail de fond sur le PLU afin de dessiner une ville \u00e0 visage humain, pour tous et d\u00e9barrass\u00e9e de la sp\u00e9culation et de l\u2019emprise des promoteurs avides de gros profits comme trop souvent actuellement.<\/p>\n<p>Mais pourquoi avoir bloqu\u00e9 pendant 12 jours l\u2019acc\u00e8s aux rapports du commissaire enqu\u00eateur au m\u00e9pris de la loi\u00a0?<\/p>\n<p><!--more-->Visiblement ce n\u2019\u00e9tait pas pour cacher des informations critiques puisque le commissaire enqu\u00eateur s\u2019est pli\u00e9 \u00e0 la philosophie g\u00e9n\u00e9rale de la ville. En fait, la mairie voulait avoir la primeur de l\u2019annonce du contenu de ces rapports. Or l\u2019adjoint \u00e0 l\u2019immobilier \u00e9tant \u00e0 la fois pilote de cette affaire et candidat aux \u00e9lections l\u00e9gislatives, cette annonce ne pouvait se faire qu\u2019apr\u00e8s le premier tour. Le maire et son cabinet \u00e9taient tellement s\u00fbrs que l\u2019adjoint ne serait pas au 2\u00e8me tour, qu\u2019ils ont d\u00e9cid\u00e9 de lui faire tenir une conf\u00e9rence de presse le mardi qui a suivi le 1er tour des l\u00e9gislatives. A la mairie ce sont les contraintes de la communication politicienne qui imposent aux services municipaux un fonctionnement contraire \u00e0 la loi et aux r\u00e8gles de la fonction publique. La d\u00e9mocratie locale qui est bien malade n\u2019en sort pas grandie.<\/p>\n","protected":false},"excerpt":{"rendered":"<p>Le mardi 12 juin dans l\u2019apr\u00e8s midi (soit avec 12 jours de retard\u00a0!), les Grenoblois ont pu enfin acc\u00e9der aux rapports et conclusions du commissaire enqu\u00eateur sur les transformations du PLU (Plan Local d&rsquo;Urbanisme) concernant une tr\u00e8s grande surface de la ville : Esplanade, Presqu\u2019\u00eele, Flaubert et Ch\u00e2telet. Comme on pouvait l&rsquo;imaginer, le commissaire enqu\u00eateur [&hellip;]<\/p>\n","protected":false},"author":1,"featured_media":0,"comment_status":"closed","ping_status":"open","sticky":false,"template":"","format":"standard","meta":{"twitterCardType":"","cardImageID":0,"cardImage":"","cardTitle":"","cardDesc":"","cardImageAlt":"","cardPlayer":"","cardPlayerWidth":0,"cardPlayerHeight":0,"cardPlayerStream":"","cardPlayerCodec":"","footnotes":""},"categories":[11],"tags":[35,39,110,65],"class_list":["post-5888","post","type-post","status-publish","format-standard","hentry","category-politique-locale","tag-democratie-locale","tag-enquetes-publiques","tag-legislatives","tag-urbanisme"],"_links":{"self":[{"href":"https:\/\/www.ades-grenoble.org\/wordpress\/wp-json\/wp\/v2\/posts\/5888","targetHints":{"allow":["GET"]}}],"collection":[{"href":"https:\/\/www.ades-grenoble.org\/wordpress\/wp-json\/wp\/v2\/posts"}],"about":[{"href":"https:\/\/www.ades-grenoble.org\/wordpress\/wp-json\/wp\/v2\/types\/post"}],"author":[{"embeddable":true,"href":"https:\/\/www.ades-grenoble.org\/wordpress\/wp-json\/wp\/v2\/users\/1"}],"replies":[{"embeddable":true,"href":"https:\/\/www.ades-grenoble.org\/wordpress\/wp-json\/wp\/v2\/comments?post=5888"}],"version-history":[{"count":3,"href":"https:\/\/www.ades-grenoble.org\/wordpress\/wp-json\/wp\/v2\/posts\/5888\/revisions"}],"predecessor-version":[{"id":5894,"href":"https:\/\/www.ades-grenoble.org\/wordpress\/wp-json\/wp\/v2\/posts\/5888\/revisions\/5894"}],"wp:attachment":[{"href":"https:\/\/www.ades-grenoble.org\/wordpress\/wp-json\/wp\/v2\/media?parent=5888"}],"wp:term":[{"taxonomy":"category","embeddable":true,"href":"https:\/\/www.ades-grenoble.org\/wordpress\/wp-json\/wp\/v2\/categories?post=5888"},{"taxonomy":"post_tag","embeddable":true,"href":"https:\/\/www.ades-grenoble.org\/wordpress\/wp-json\/wp\/v2\/tags?post=5888"}],"curies":[{"name":"wp","href":"https:\/\/api.w.org\/{rel}","templated":true}]}}