{"id":5931,"date":"2012-06-30T10:57:42","date_gmt":"2012-06-30T08:57:42","guid":{"rendered":"http:\/\/www.ades-grenoble.org\/wordpress\/?p=5931"},"modified":"2012-06-30T10:58:40","modified_gmt":"2012-06-30T08:58:40","slug":"la-mer-et-michel","status":"publish","type":"post","link":"https:\/\/www.ades-grenoble.org\/wordpress\/2012\/06\/30\/la-mer-et-michel\/","title":{"rendered":"La mer et Michel"},"content":{"rendered":"<p>Sous le mandat pr\u00e9c\u00e8dent (2001-2008), il avait fallu l\u2019opposition farouche et la pugnacit\u00e9 des \u00e9lus de gauche et \u00e9cologistes pour faire c\u00e9der les tenants d\u2019un projet m\u00e9galomaniaque de type\u00a0\u00ab\u00a0Luna Park\u00a0\u00bb sur le site de la Bastille. L\u2019id\u00e9e \u00e9tant qu\u2019au-del\u00e0 des n\u00e9cessaires am\u00e9nagements utiles \u00e0 tous comme par exemple l\u2019accessibilit\u00e9, la Bastille devait conserver ce qui fait son originalit\u00e9, \u00e0 savoir son caract\u00e8re sauvage.<\/p>\n<p><!--more-->Mais le pari n\u2019est pas gagn\u00e9, loin s\u2019en faut, car c\u2019est oublier un peu vite l\u2019incontr\u00f4l\u00e9 et tout-puissant Michel Lambert directeur du T\u00e9l\u00e9ph\u00e9rique, aujourd\u2019hui Directeur de l\u2019Office du Tourisme qui ne cesse de donner des coups de canifs d\u2019abord dans le fonctionnement g\u00e9n\u00e9ral\u00a0: d\u00e9mission r\u00e9cente du directeur adjoint, recrutements multiples sans appels d\u2019offres, gestion du personnel \u00e0 la hussarde qui vous a des airs d\u2019Alpexpo, en porte \u00e9galement au patrimoine et pas des moindres. Non content d\u2019avoir multipli\u00e9 les concerts et \u00e9v\u00e8nements nocturnes en tous genres pour attirer une client\u00e8le jeune mais pas n\u2019importe laquelle\u00a0: l\u2019\u00e9tudiante, d\u2019avoir install\u00e9 r\u00e9cemment un parcours acrobatique etc. M. Lambert, \u00ab\u00a0Monsieur une\u00a0\u00a0id\u00e9e par seconde\u00a0\u00bb qui n\u2019a pourtant rien d\u2019un phare de la pens\u00e9e, envisage d\u2019en installer un (phare) au sommet de la Bastille.<\/p>\n<p>Vous avez une question\u00a0: comment amener la mer \u00e0 la montagne\u00a0? M. Lambert a la r\u00e9ponse. Voil\u00e0 qui viendra s\u00fbrement enrichir le patrimoine et nous entra\u00eenera par petites touches successives vers le fameux \u00ab\u00a0Luna Park\u00a0\u00bb tant redout\u00e9. Le phare \u00e9tant l\u00e0, il ne manquera alors plus que l\u2019eau, des jeux, des man\u00e8ges\u2026 Un vrai parc de loisirs en somme, \u00e0 la mesure de son promoteur. A propos, y-a-t-il encore un capitaine dans ce bateau ivre municipal\u00a0?<\/p>\n","protected":false},"excerpt":{"rendered":"<p>Sous le mandat pr\u00e9c\u00e8dent (2001-2008), il avait fallu l\u2019opposition farouche et la pugnacit\u00e9 des \u00e9lus de gauche et \u00e9cologistes pour faire c\u00e9der les tenants d\u2019un projet m\u00e9galomaniaque de type\u00a0\u00ab\u00a0Luna Park\u00a0\u00bb sur le site de la Bastille. L\u2019id\u00e9e \u00e9tant qu\u2019au-del\u00e0 des n\u00e9cessaires am\u00e9nagements utiles \u00e0 tous comme par exemple l\u2019accessibilit\u00e9, la Bastille devait conserver ce qui [&hellip;]<\/p>\n","protected":false},"author":1,"featured_media":0,"comment_status":"closed","ping_status":"open","sticky":false,"template":"","format":"standard","meta":{"twitterCardType":"","cardImageID":0,"cardImage":"","cardTitle":"","cardDesc":"","cardImageAlt":"","cardPlayer":"","cardPlayerWidth":0,"cardPlayerHeight":0,"cardPlayerStream":"","cardPlayerCodec":"","footnotes":""},"categories":[11],"tags":[104],"class_list":["post-5931","post","type-post","status-publish","format-standard","hentry","category-politique-locale","tag-economie"],"_links":{"self":[{"href":"https:\/\/www.ades-grenoble.org\/wordpress\/wp-json\/wp\/v2\/posts\/5931","targetHints":{"allow":["GET"]}}],"collection":[{"href":"https:\/\/www.ades-grenoble.org\/wordpress\/wp-json\/wp\/v2\/posts"}],"about":[{"href":"https:\/\/www.ades-grenoble.org\/wordpress\/wp-json\/wp\/v2\/types\/post"}],"author":[{"embeddable":true,"href":"https:\/\/www.ades-grenoble.org\/wordpress\/wp-json\/wp\/v2\/users\/1"}],"replies":[{"embeddable":true,"href":"https:\/\/www.ades-grenoble.org\/wordpress\/wp-json\/wp\/v2\/comments?post=5931"}],"version-history":[{"count":3,"href":"https:\/\/www.ades-grenoble.org\/wordpress\/wp-json\/wp\/v2\/posts\/5931\/revisions"}],"predecessor-version":[{"id":5936,"href":"https:\/\/www.ades-grenoble.org\/wordpress\/wp-json\/wp\/v2\/posts\/5931\/revisions\/5936"}],"wp:attachment":[{"href":"https:\/\/www.ades-grenoble.org\/wordpress\/wp-json\/wp\/v2\/media?parent=5931"}],"wp:term":[{"taxonomy":"category","embeddable":true,"href":"https:\/\/www.ades-grenoble.org\/wordpress\/wp-json\/wp\/v2\/categories?post=5931"},{"taxonomy":"post_tag","embeddable":true,"href":"https:\/\/www.ades-grenoble.org\/wordpress\/wp-json\/wp\/v2\/tags?post=5931"}],"curies":[{"name":"wp","href":"https:\/\/api.w.org\/{rel}","templated":true}]}}