{"id":5960,"date":"2012-06-30T11:33:44","date_gmt":"2012-06-30T09:33:44","guid":{"rendered":"http:\/\/www.ades-grenoble.org\/wordpress\/?p=5960"},"modified":"2012-06-30T11:33:44","modified_gmt":"2012-06-30T09:33:44","slug":"au-conseil-municipal-du-25-juin-compte-administratif-subventions-plu-arlequin","status":"publish","type":"post","link":"https:\/\/www.ades-grenoble.org\/wordpress\/2012\/06\/30\/au-conseil-municipal-du-25-juin-compte-administratif-subventions-plu-arlequin\/","title":{"rendered":"Au conseil municipal du 25 juin : compte administratif, subventions, PLU, Arlequin"},"content":{"rendered":"<p>Tr\u00e8s souvent absent d\u00e8s les primaires socialistes, puis pendant la campagne pr\u00e9sidentielle, le maire n&rsquo;\u00e9tait plus habitu\u00e9 \u00e0 si\u00e9ger aussi longtemps au conseil municipal. Lundi 25 juin il est apparu visiblement fatigu\u00e9 (certains l&rsquo;ont m\u00eame pens\u00e9 us\u00e9\u00a0!).<\/p>\n<h3><img loading=\"lazy\" decoding=\"async\" class=\"alignleft size-medium wp-image-5962\" style=\"margin: 5px;\" title=\"CM250612\" src=\"http:\/\/www.ades-grenoble.org\/wordpress\/wp-content\/uploads\/2012\/06\/CM250612-300x200.jpg\" alt=\"\" width=\"300\" height=\"200\" srcset=\"https:\/\/www.ades-grenoble.org\/wordpress\/wp-content\/uploads\/2012\/06\/CM250612-300x200.jpg 300w, https:\/\/www.ades-grenoble.org\/wordpress\/wp-content\/uploads\/2012\/06\/CM250612-150x100.jpg 150w, https:\/\/www.ades-grenoble.org\/wordpress\/wp-content\/uploads\/2012\/06\/CM250612.jpg 600w\" sizes=\"auto, (max-width: 300px) 100vw, 300px\" \/>Un compte administratif exceptionnel (\u00e0 en croire le maire et l\u2019adjoint aux finances)\u00a0!<\/h3>\n<p>Il est vrai que les finances de la ville ne se sont jamais si bien port\u00e9es depuis des dizaines d\u2019ann\u00e9es. Le m\u00e9rite n\u2019en revient pas \u00e0 la majorit\u00e9 contrairement \u00e0 tous les discours entendus, mais \u00e0 l\u2019effort fiscal des Grenoblois qui, au demeurant, s\u2019en seraient bien pass\u00e9s. Rappel\u00a0: apr\u00e8s la campagne \u00e9lectorale 2008 des \u00e9lections municipales, la majorit\u00e9 se fait \u00e9lire sur la promesse de ne pas augmenter les imp\u00f4ts locaux. Un engagement facile \u00e0 tenir puisque les majorit\u00e9s de gauche et \u00e9cologistes entre 1995 et 2008 avaient redress\u00e9 les finances mises \u00e0 mal par le maire corrompu. L\u2019\u00e9volution de l\u2019inflation et les constructions nouvelles augmentaient m\u00e9caniquement les recettes fiscales ce qui suffisait \u00e0 \u00e9quilibrer les budgets malgr\u00e9 le d\u00e9sengagement de l\u2019Etat, il n&rsquo;y avait donc aucune n\u00e9cessit\u00e9 \u00e0 augmenter les taux des imp\u00f4ts. Mais il y avait les Jeux Olympiques de 2018 \u00e0 pr\u00e9parer, la rocade nord \u00e0 accueillir et les int\u00e9r\u00eats priv\u00e9s \u00e0 aider sans contrepartie et la majorit\u00e9 a pris le pr\u00e9texte de la crise pour augmenter les imp\u00f4ts.<\/p>\n<p>Or en 2011, la situation financi\u00e8re de la ville est exceptionnelle et d\u00e9montre que comme dans bien des cas, il n&rsquo;existe pas qu\u2019une seule politique possible et que les propositions des \u00e9cologistes \u00e9taient tr\u00e8s r\u00e9alistes. Nous ne sommes pas oppos\u00e9s par principe \u00e0 l\u2019imp\u00f4t qui devrait \u00eatre l\u2019outil fondamental de la solidarit\u00e9. Malheureusement l\u2019imp\u00f4t local est tr\u00e8s injuste, il faut donc le manier avec une grande pr\u00e9caution. Il est possible, en cas de besoin inattendu d&rsquo;une ann\u00e9e sur l&rsquo;autre de faire \u00e9voluer sensiblement les taux des imp\u00f4ts, mais \u00e0 contrario quand les caisses sont pleines on peut aussi diminuer la pression fiscale. En fait la majorit\u00e9 municipale n\u2019est pas dans cette logique\u00a0: elle rembourse les imp\u00f4ts (taxe professionnelle) aux grands groupes priv\u00e9s \u00e0 Crolles (\u00e0 travers les subventions vers\u00e9es) et les augmente fortement pour les habitants de Grenoble, une vraie pratique de droite tr\u00e8s classique.<\/p>\n<p><!--more-->A noter toujours un manque de rigueur dans les informations financi\u00e8res\u00a0: contrairement \u00e0 ce qu\u2019indique l\u2019adjoint aux finances, le train de vie de la ville de Grenoble est sup\u00e9rieur \u00e0 celui des communes de la m\u00eame importance (296 \u20ac par habitants contre 239 \u20ac en moyenne) et surtout depuis 3 ans la diminution du train de vie \u00e0 Grenoble n\u2019est que de 2,6% contre 7,4 % pour la moyenne des villes de m\u00eame importance.<\/p>\n<p>En conclusion, il est encore possible de r\u00e9aliser des \u00e9conomies de fonctionnement, de renforcer les politiques de proximit\u00e9 en embauchant du personnel et en restructurant les services\u00a0; concernant les investissements tout ce qui touche \u00e0 la vie quotidienne et \u00e0 la qualit\u00e9 des services devrait \u00eatre augment\u00e9 et les investissements de prestige ou les aides inutiles \u00e0 des int\u00e9r\u00eats priv\u00e9s supprim\u00e9s. Enfin, une baisse des taux des imp\u00f4ts serait la bienvenue car Grenoble est maintenant au dessus de la moyenne pour les taux de taxe d\u2019habitation et \u00e9videmment de taxe fonci\u00e8re puisqu&rsquo;elle d\u00e9tient le record de France des grandes villes.<\/p>\n<h3>Subventions<\/h3>\n<p>Le conseil municipal a vot\u00e9 des subventions \u00e0 diverses associations et institutions. On note m\u00eame une subvention au CEA (qui n&rsquo;en a pas besoin) de 12 000 \u20ac. S. Siebert, l&rsquo;adjoint au maire qui est aussi dirigeant du CEA de Grenoble, a vot\u00e9 cette subvention. La r\u00e8gle veut que les personnes int\u00e9ress\u00e9es \u00e0 l\u2019affaire ne prennent pas part au vote. Rassurez-vous, cet accro sera vite gomm\u00e9 par les services vigilants et dans le compte rendu du conseil du 25 juin, il sera indiqu\u00e9 que l\u2019adjoint n\u2019aura pas pris part au vote. Est-ce la bonne m\u00e9thode\u00a0? Un jour, par manque de vigilance, un incident d&rsquo;une autre ampleur pourrait survenir et conduire certains devant le tribunal p\u00e9nal.<\/p>\n<h3>Les transformations du PLU vot\u00e9es par la majorit\u00e9<\/h3>\n<p>Il y avait deux grands dossiers, la modification n\u00b0 2 (Flaubert, Presqu\u2019\u00eele, Chatelet) et la r\u00e9vision simplifi\u00e9e sur l\u2019Esplanade. De nombreux habitants s\u2019\u00e9l\u00e8vent contre cette fr\u00e9n\u00e9sie de sur-densification des quartiers de Grenoble o\u00f9 la densit\u00e9 est d\u00e9j\u00e0 forte (environ 50 logements par hectare). La majorit\u00e9 propose de construire des ensembles de 100 logements par hectare et m\u00eame plus, ce qui est totalement excessif. Un chiffre acceptable est de viser une moyenne de 70 logements \u00e0 l\u2018hectare. Mais la majorit\u00e9 qui ne veut rien savoir, fonce t\u00eate baiss\u00e9e et fait \u00e9videmment des erreurs dans le montage de ses dossiers. <a href=\"http:\/\/grenoble-ecologie-solidarite.fr\/\" target=\"_blank\">Le groupe des \u00e9lus \u00ab\u00a0Ecologie et Solidarit\u00e9\u00a0\u00bb<\/a> a demand\u00e9 en vain que les d\u00e9lib\u00e9rations sur la modification et la r\u00e9vision simplifi\u00e9e soient retir\u00e9es aux motifs que les dossiers sont en l&rsquo;\u00e9tat inacceptables pour cause d&rsquo;absence de qualit\u00e9 de vie, de d\u00e9mocratie bafou\u00e9e. Par ailleurs les nombreuses ill\u00e9galit\u00e9s commises auront pour cons\u00e9quence d\u2019emp\u00eacher la construction de logements sociaux attendus depuis longtemps. La majorit\u00e9 pr\u00e9f\u00e8re s\u2019enfermer dans ses certitudes plut\u00f4t que de r\u00e9pondre aux besoins les plus urgents. Evidemment ces transformations du PLU ont d\u2019autres objectifs moins avouables notamment de sur-densifier des quartiers pour le grand bonheur des promoteurs qui ont fait main base sur la ville. Comme d\u2019habitude des critiques ont \u00e9t\u00e9 \u00e9mises dans les rangs de la majorit\u00e9 sur les tours, mais ce ne sont que des mots, seuls les actes comptent. Dans un PLU c\u2019est le r\u00e8glement qui compte et il offre la possibilit\u00e9 de faire des tours. Personne ne pourra emp\u00eacher un promoteur d\u2019utiliser le droit \u00e0 construire que la majorit\u00e9 a g\u00e9n\u00e9reusement mis \u00e0 sa disposition.<\/p>\n<h3><img loading=\"lazy\" decoding=\"async\" class=\"alignleft size-medium wp-image-5963\" style=\"margin: 5px;\" title=\"PublicContreDemolitionVN\" src=\"http:\/\/www.ades-grenoble.org\/wordpress\/wp-content\/uploads\/2012\/06\/PublicContreDemolitionVN-300x200.jpg\" alt=\"\" width=\"300\" height=\"200\" srcset=\"https:\/\/www.ades-grenoble.org\/wordpress\/wp-content\/uploads\/2012\/06\/PublicContreDemolitionVN-300x200.jpg 300w, https:\/\/www.ades-grenoble.org\/wordpress\/wp-content\/uploads\/2012\/06\/PublicContreDemolitionVN-150x100.jpg 150w, https:\/\/www.ades-grenoble.org\/wordpress\/wp-content\/uploads\/2012\/06\/PublicContreDemolitionVN.jpg 900w\" sizes=\"auto, (max-width: 300px) 100vw, 300px\" \/>La destruction du 50 Galerie de l\u2019Arlequin est poursuivie<\/h3>\n<p>Ce conseil municipal \u00e9tait l\u2019occasion de revoir cette question avec le changement de gouvernement qui \u00e0 priori ne devrait pas faire la m\u00eame politique que le pr\u00e9c\u00e9dent, le changement c\u2019est maintenant\u00a0! Et bien non, la majorit\u00e9 s\u2019ent\u00eate \u00e0 vouloir d\u00e9penser des sommes folles pour rien. Pour les habitants de la Villeneuve c\u2019est un tr\u00e8s mauvais message, qui laisse entendre que l&rsquo;on pousse les gens hors de ce quartier qui irait mal. Ce n\u2019est pas le b\u00e2ti qui est malade. Les rem\u00e8des sont \u00e0 chercher dans une v\u00e9ritable intervention publique de proximit\u00e9, et plus de r\u00e9novation\u2026 On a pu observer une certaine panique dans la majorit\u00e9 lorsqu\u2019elle a appris que le collectif Vivre \u00e0 Villeneuve \u00e9tait intervenu aupr\u00e8s de la ministre du logement. M\u00eame le premier adjoint, a perdu les p\u00e9dales en d\u00e9non\u00e7ant une manipulation\u2026 Heureusement <a href=\"http:\/\/grenoble-ecologie-solidarite.fr\/\" target=\"_blank\">les \u00e9lus Ecologie et Solidarit\u00e9<\/a> ont maintenu leur position. Pour l\u2019instant rien d\u2019irr\u00e9versible n\u2019est fait, le recours juridique contre la d\u00e9molition bloque le processus. Il n\u2019est pas exclu de penser que cette op\u00e9ration ne se r\u00e9alisera pas. Pour des pr\u00e9cisions sur les actions du collectif\u00a0: <a href=\"http:\/\/vivrealavilleneuve.wordpress.com\" target=\"_blank\">http:\/\/vivrealavilleneuve.wordpress.com<\/a><\/p>\n","protected":false},"excerpt":{"rendered":"<p>Tr\u00e8s souvent absent d\u00e8s les primaires socialistes, puis pendant la campagne pr\u00e9sidentielle, le maire n&rsquo;\u00e9tait plus habitu\u00e9 \u00e0 si\u00e9ger aussi longtemps au conseil municipal. Lundi 25 juin il est apparu visiblement fatigu\u00e9 (certains l&rsquo;ont m\u00eame pens\u00e9 us\u00e9\u00a0!). Un compte administratif exceptionnel (\u00e0 en croire le maire et l\u2019adjoint aux finances)\u00a0! Il est vrai que les [&hellip;]<\/p>\n","protected":false},"author":1,"featured_media":0,"comment_status":"closed","ping_status":"open","sticky":false,"template":"","format":"standard","meta":{"twitterCardType":"","cardImageID":0,"cardImage":"","cardTitle":"","cardDesc":"","cardImageAlt":"","cardPlayer":"","cardPlayerWidth":0,"cardPlayerHeight":0,"cardPlayerStream":"","cardPlayerCodec":"","footnotes":""},"categories":[11],"tags":[47,19,54,65,82],"class_list":["post-5960","post","type-post","status-publish","format-standard","hentry","category-politique-locale","tag-budget-alternatif","tag-impots","tag-politique-droite-gauche","tag-urbanisme","tag-villeneuve"],"_links":{"self":[{"href":"https:\/\/www.ades-grenoble.org\/wordpress\/wp-json\/wp\/v2\/posts\/5960","targetHints":{"allow":["GET"]}}],"collection":[{"href":"https:\/\/www.ades-grenoble.org\/wordpress\/wp-json\/wp\/v2\/posts"}],"about":[{"href":"https:\/\/www.ades-grenoble.org\/wordpress\/wp-json\/wp\/v2\/types\/post"}],"author":[{"embeddable":true,"href":"https:\/\/www.ades-grenoble.org\/wordpress\/wp-json\/wp\/v2\/users\/1"}],"replies":[{"embeddable":true,"href":"https:\/\/www.ades-grenoble.org\/wordpress\/wp-json\/wp\/v2\/comments?post=5960"}],"version-history":[{"count":2,"href":"https:\/\/www.ades-grenoble.org\/wordpress\/wp-json\/wp\/v2\/posts\/5960\/revisions"}],"predecessor-version":[{"id":5964,"href":"https:\/\/www.ades-grenoble.org\/wordpress\/wp-json\/wp\/v2\/posts\/5960\/revisions\/5964"}],"wp:attachment":[{"href":"https:\/\/www.ades-grenoble.org\/wordpress\/wp-json\/wp\/v2\/media?parent=5960"}],"wp:term":[{"taxonomy":"category","embeddable":true,"href":"https:\/\/www.ades-grenoble.org\/wordpress\/wp-json\/wp\/v2\/categories?post=5960"},{"taxonomy":"post_tag","embeddable":true,"href":"https:\/\/www.ades-grenoble.org\/wordpress\/wp-json\/wp\/v2\/tags?post=5960"}],"curies":[{"name":"wp","href":"https:\/\/api.w.org\/{rel}","templated":true}]}}