{"id":6007,"date":"2012-09-03T18:47:19","date_gmt":"2012-09-03T16:47:19","guid":{"rendered":"http:\/\/www.ades-grenoble.org\/wordpress\/?p=6007"},"modified":"2012-09-03T18:54:00","modified_gmt":"2012-09-03T16:54:00","slug":"rentree-peau-de-chagrin","status":"publish","type":"post","link":"https:\/\/www.ades-grenoble.org\/wordpress\/2012\/09\/03\/rentree-peau-de-chagrin\/","title":{"rendered":"Rentr\u00e9e peau de chagrin"},"content":{"rendered":"<p>Malgr\u00e9 quelques efforts du Gouvernement pour tenter d\u2019att\u00e9nuer un peu les effets d\u00e9vastateurs de la politique pr\u00e9c\u00e9dente de casse du service public, la rentr\u00e9e scolaire s\u2019annonce plut\u00f4t morose. A Grenoble ce sont, entre autres, les locaux, responsabilit\u00e9 communale \u00e0 part enti\u00e8re, qui sont en souffrance. Et ce n\u2019est pas l\u2019op\u00e9ration de communication du maire en juillet dernier, \u00e0 la suite de l\u2019incendie de l\u2019\u00e9cole \u00ab\u00a0Les Buttes\u00a0\u00bb qui changera la donne. Profitant d\u2019une visite traditionnelle des chantiers d\u2019\u00e9t\u00e9, le maire n\u2019a cess\u00e9 de marteler que la priorit\u00e9 municipale \u00e9tait la s\u00e9curit\u00e9\u00a0: \u00ab\u00a0la s\u00e9curit\u00e9, toujours la s\u00e9curit\u00e9\u00a0!\u00a0\u00bb indiquant qu\u2019en 2012, la ville consacrait 1,2 M\u20ac pour l\u2019entretien de quelques quatre vingts \u00e9coles, soit un peu moins de la moiti\u00e9 du budget d\u00e9volu \u00e0 ce m\u00eame entretien au cours des derni\u00e8res ann\u00e9es du mandat pr\u00e9c\u00e8dent (ce qui \u00e9tait d\u00e9j\u00e0 bien insuffisant au regard de l\u2019\u00e9tat du patrimoine).<\/p>\n<p><!--more-->Il est tout \u00e0 fait significatif de constater que le maire n\u2019a jamais convoqu\u00e9 la presse pour informer le contribuable des montants octroy\u00e9s depuis des ann\u00e9es aux entreprises priv\u00e9es, ce qu\u2019il n\u2019h\u00e9site pas \u00e0 faire pour \u00e9voquer comme on l\u2019a vu, une goutte d\u2019eau en \u00ab\u00a0faveur\u00a0\u00bb du service public, alors que le taux des imp\u00f4ts locaux a augment\u00e9 de 9% en 2009.<\/p>\n<p>Pendant ce temps, l\u2019adjoint \u00e0 l\u2019\u00e9ducation est tr\u00e8s occup\u00e9 par, excusez du peu, \u00ab\u00a0la refondation de l\u2019\u00e9cole\u00a0\u00bb au niveau national, l\u2019entretien du patrimoine de la Ville \u00e9tant sans doute un peu trop trivial. Il milite \u00e9galement pour que les collectivit\u00e9s locales aient plus de responsabilit\u00e9s dans les \u00e9coles. Outre que cela constituerait un pas de plus vers la privatisation, s\u2019agit-il l\u00e0 d\u2019une question prioritaire pour les collectivit\u00e9s territoriales, et en l\u2019occurrence Grenoble\u00a0? Et si une fois pour toutes, la Ville d\u00e9cidait d\u2019assumer pleinement ses comp\u00e9tences, en consacrant plut\u00f4t que de les diminuer les moyens financiers n\u00e9cessaires pour offrir \u00e9galement, quel que soit les secteurs, les meilleurs conditions d\u2019accueil dans ses \u00e9coles \u00e0 tous les jeunes grenoblois ?<\/p>\n","protected":false},"excerpt":{"rendered":"<p>Malgr\u00e9 quelques efforts du Gouvernement pour tenter d\u2019att\u00e9nuer un peu les effets d\u00e9vastateurs de la politique pr\u00e9c\u00e9dente de casse du service public, la rentr\u00e9e scolaire s\u2019annonce plut\u00f4t morose. A Grenoble ce sont, entre autres, les locaux, responsabilit\u00e9 communale \u00e0 part enti\u00e8re, qui sont en souffrance. Et ce n\u2019est pas l\u2019op\u00e9ration de communication du maire en [&hellip;]<\/p>\n","protected":false},"author":1,"featured_media":0,"comment_status":"closed","ping_status":"open","sticky":false,"template":"","format":"standard","meta":{"twitterCardType":"","cardImageID":0,"cardImage":"","cardTitle":"","cardDesc":"","cardImageAlt":"","cardPlayer":"","cardPlayerWidth":0,"cardPlayerHeight":0,"cardPlayerStream":"","cardPlayerCodec":"","footnotes":""},"categories":[11],"tags":[40],"class_list":["post-6007","post","type-post","status-publish","format-standard","hentry","category-politique-locale","tag-education"],"_links":{"self":[{"href":"https:\/\/www.ades-grenoble.org\/wordpress\/wp-json\/wp\/v2\/posts\/6007","targetHints":{"allow":["GET"]}}],"collection":[{"href":"https:\/\/www.ades-grenoble.org\/wordpress\/wp-json\/wp\/v2\/posts"}],"about":[{"href":"https:\/\/www.ades-grenoble.org\/wordpress\/wp-json\/wp\/v2\/types\/post"}],"author":[{"embeddable":true,"href":"https:\/\/www.ades-grenoble.org\/wordpress\/wp-json\/wp\/v2\/users\/1"}],"replies":[{"embeddable":true,"href":"https:\/\/www.ades-grenoble.org\/wordpress\/wp-json\/wp\/v2\/comments?post=6007"}],"version-history":[{"count":5,"href":"https:\/\/www.ades-grenoble.org\/wordpress\/wp-json\/wp\/v2\/posts\/6007\/revisions"}],"predecessor-version":[{"id":6044,"href":"https:\/\/www.ades-grenoble.org\/wordpress\/wp-json\/wp\/v2\/posts\/6007\/revisions\/6044"}],"wp:attachment":[{"href":"https:\/\/www.ades-grenoble.org\/wordpress\/wp-json\/wp\/v2\/media?parent=6007"}],"wp:term":[{"taxonomy":"category","embeddable":true,"href":"https:\/\/www.ades-grenoble.org\/wordpress\/wp-json\/wp\/v2\/categories?post=6007"},{"taxonomy":"post_tag","embeddable":true,"href":"https:\/\/www.ades-grenoble.org\/wordpress\/wp-json\/wp\/v2\/tags?post=6007"}],"curies":[{"name":"wp","href":"https:\/\/api.w.org\/{rel}","templated":true}]}}