{"id":6017,"date":"2012-09-03T18:59:21","date_gmt":"2012-09-03T16:59:21","guid":{"rendered":"http:\/\/www.ades-grenoble.org\/wordpress\/?p=6017"},"modified":"2012-09-03T18:59:58","modified_gmt":"2012-09-03T16:59:58","slug":"degradation-de-la-situation-sociale-a-grenoble","status":"publish","type":"post","link":"https:\/\/www.ades-grenoble.org\/wordpress\/2012\/09\/03\/degradation-de-la-situation-sociale-a-grenoble\/","title":{"rendered":"D\u00e9gradation de la situation sociale \u00e0 Grenoble"},"content":{"rendered":"<p>Les derniers chiffres de l\u2019INSEE (28 juin 2012) pour la commune de Grenoble indiquent qu\u2019en un an, le nombre de foyers imposables sur l\u2019imp\u00f4t sur le revenu a diminu\u00e9 et que leur revenu moyen a diminu\u00e9 et, a contrario, le nombre de foyers non imposables a augment\u00e9 et leur revenu moyen diminu\u00e9.<\/p>\n<p>Voici les chiffres sur 3 ans. Les revenus de 2008 et 2007 sont en euros constants 2009 pour permettre la comparaison.<\/p>\n<p><!--more--><\/p>\n<table width=\"625\" border=\"1\" cellspacing=\"0\" cellpadding=\"5\">\n<col width=\"252\" \/>\n<col width=\"98\" \/>\n<col width=\"117\" \/>\n<col width=\"116\" \/>\n<tbody>\n<tr valign=\"bottom\">\n<td width=\"252\" height=\"10\">\n<p class=\"western\"><span style=\"font-family: Times New Roman,serif;\">Ann\u00e9es <\/span><\/p>\n<\/td>\n<td width=\"98\">\n<p class=\"western\"><span style=\"font-family: Times New Roman,serif;\">2 009 <\/span><\/p>\n<\/td>\n<td width=\"117\">\n<p class=\"western\"><span style=\"font-family: Times New Roman,serif;\">2 008 <\/span><\/p>\n<\/td>\n<td width=\"116\">\n<p class=\"western\"><span style=\"font-family: Times New Roman,serif;\">2 007 <\/span><\/p>\n<\/td>\n<\/tr>\n<tr valign=\"bottom\">\n<td width=\"252\" height=\"11\">\n<p class=\"western\"><span style=\"color: #000000;\"><span style=\"font-family: Times New Roman,serif;\">revenu moyen des Grenob<\/span><\/span><span style=\"color: #000000;\"><span style=\"font-family: Times New Roman,serif;\">lois \u20ac <\/span><\/span><\/p>\n<\/td>\n<td width=\"98\">\n<p class=\"western\"><span style=\"font-family: Times New Roman,serif;\">21 309 <\/span><\/p>\n<\/td>\n<td width=\"117\">\n<p class=\"western\"><span style=\"font-family: Times New Roman,serif;\">21 467 <\/span><\/p>\n<\/td>\n<td width=\"116\">\n<p class=\"western\"><span style=\"font-family: Times New Roman,serif;\">21 370 <\/span><\/p>\n<\/td>\n<\/tr>\n<tr valign=\"bottom\">\n<td width=\"252\" height=\"11\">\n<p class=\"western\"><span style=\"font-family: Times New Roman,serif;\">nombre de foyers fiscaux imposables <\/span><\/p>\n<\/td>\n<td width=\"98\">\n<p class=\"western\"><span style=\"font-family: Times New Roman,serif;\">51 871 <\/span><\/p>\n<\/td>\n<td width=\"117\">\n<p class=\"western\"><span style=\"font-family: Times New Roman,serif;\">52 085 <\/span><\/p>\n<\/td>\n<td width=\"116\">\n<p class=\"western\"><span style=\"font-family: Times New Roman,serif;\">53 168 <\/span><\/p>\n<\/td>\n<\/tr>\n<tr valign=\"bottom\">\n<td width=\"252\" height=\"11\">\n<p class=\"western\" align=\"right\"><span style=\"font-family: Times New Roman,serif;\">revenu moyen d\u00e9clar\u00e9 \u20ac <\/span><\/p>\n<\/td>\n<td width=\"98\">\n<p class=\"western\"><span style=\"font-family: Times New Roman,serif;\">31 264 <\/span><\/p>\n<\/td>\n<td width=\"117\">\n<p class=\"western\"><span style=\"font-family: Times New Roman,serif;\">31 418 <\/span><\/p>\n<\/td>\n<td width=\"116\">\n<p class=\"western\"><span style=\"font-family: Times New Roman,serif;\">31 140 <\/span><\/p>\n<\/td>\n<\/tr>\n<tr valign=\"bottom\">\n<td width=\"252\" height=\"11\">\n<p class=\"western\"><span style=\"color: #000000;\"><span style=\"font-family: Times New Roman,serif;\">n<\/span><\/span><span style=\"color: #000000;\"><span style=\"font-family: Times New Roman,serif;\">ombre de foyers non imposables <\/span><\/span><\/p>\n<\/td>\n<td width=\"98\">\n<p class=\"western\"><span style=\"font-family: Times New Roman,serif;\">40 920 <\/span><\/p>\n<\/td>\n<td width=\"117\">\n<p class=\"western\"><span style=\"font-family: Times New Roman,serif;\">40 899 <\/span><\/p>\n<\/td>\n<td width=\"116\">\n<p class=\"western\"><span style=\"font-family: Times New Roman,serif;\">40 513 <\/span><\/p>\n<\/td>\n<\/tr>\n<tr valign=\"bottom\">\n<td width=\"252\" height=\"10\">\n<p class=\"western\" align=\"right\"><span style=\"font-family: Times New Roman,serif;\">revenu moyen d\u00e9clar\u00e9 \u20ac <\/span><\/p>\n<\/td>\n<td width=\"98\">\n<p class=\"western\"><span style=\"font-family: Times New Roman,serif;\">8 691 <\/span><\/p>\n<\/td>\n<td width=\"117\">\n<p class=\"western\"><span style=\"font-family: Times New Roman,serif;\">8 794 <\/span><\/p>\n<\/td>\n<td width=\"116\">\n<p class=\"western\"><span style=\"font-family: Times New Roman,serif;\">8 549 <\/span><\/p>\n<\/td>\n<\/tr>\n<\/tbody>\n<\/table>\n<p>Ce ph\u00e9nom\u00e8ne existe aussi dans le d\u00e9partement de l\u2019Is\u00e8re et au niveau national mais avec une ampleur plus faible qu\u2019\u00e0 Grenoble.<\/p>\n<p>Malheureusement, la situation sociale a d\u00fb continuer \u00e0 se d\u00e9grader depuis 2009<\/p>\n","protected":false},"excerpt":{"rendered":"<p>Les derniers chiffres de l\u2019INSEE (28 juin 2012) pour la commune de Grenoble indiquent qu\u2019en un an, le nombre de foyers imposables sur l\u2019imp\u00f4t sur le revenu a diminu\u00e9 et que leur revenu moyen a diminu\u00e9 et, a contrario, le nombre de foyers non imposables a augment\u00e9 et leur revenu moyen diminu\u00e9. Voici les chiffres [&hellip;]<\/p>\n","protected":false},"author":1,"featured_media":0,"comment_status":"closed","ping_status":"open","sticky":false,"template":"","format":"standard","meta":{"twitterCardType":"","cardImageID":0,"cardImage":"","cardTitle":"","cardDesc":"","cardImageAlt":"","cardPlayer":"","cardPlayerWidth":0,"cardPlayerHeight":0,"cardPlayerStream":"","cardPlayerCodec":"","footnotes":""},"categories":[11],"tags":[33],"class_list":["post-6017","post","type-post","status-publish","format-standard","hentry","category-politique-locale","tag-social"],"_links":{"self":[{"href":"https:\/\/www.ades-grenoble.org\/wordpress\/wp-json\/wp\/v2\/posts\/6017","targetHints":{"allow":["GET"]}}],"collection":[{"href":"https:\/\/www.ades-grenoble.org\/wordpress\/wp-json\/wp\/v2\/posts"}],"about":[{"href":"https:\/\/www.ades-grenoble.org\/wordpress\/wp-json\/wp\/v2\/types\/post"}],"author":[{"embeddable":true,"href":"https:\/\/www.ades-grenoble.org\/wordpress\/wp-json\/wp\/v2\/users\/1"}],"replies":[{"embeddable":true,"href":"https:\/\/www.ades-grenoble.org\/wordpress\/wp-json\/wp\/v2\/comments?post=6017"}],"version-history":[{"count":3,"href":"https:\/\/www.ades-grenoble.org\/wordpress\/wp-json\/wp\/v2\/posts\/6017\/revisions"}],"predecessor-version":[{"id":6020,"href":"https:\/\/www.ades-grenoble.org\/wordpress\/wp-json\/wp\/v2\/posts\/6017\/revisions\/6020"}],"wp:attachment":[{"href":"https:\/\/www.ades-grenoble.org\/wordpress\/wp-json\/wp\/v2\/media?parent=6017"}],"wp:term":[{"taxonomy":"category","embeddable":true,"href":"https:\/\/www.ades-grenoble.org\/wordpress\/wp-json\/wp\/v2\/categories?post=6017"},{"taxonomy":"post_tag","embeddable":true,"href":"https:\/\/www.ades-grenoble.org\/wordpress\/wp-json\/wp\/v2\/tags?post=6017"}],"curies":[{"name":"wp","href":"https:\/\/api.w.org\/{rel}","templated":true}]}}