{"id":6021,"date":"2012-09-03T19:02:09","date_gmt":"2012-09-03T17:02:09","guid":{"rendered":"http:\/\/www.ades-grenoble.org\/wordpress\/?p=6021"},"modified":"2012-09-03T19:02:25","modified_gmt":"2012-09-03T17:02:25","slug":"la-tarification-progressive-de-leau-du-gaz-et-de-lelectricite-devrait-arriver","status":"publish","type":"post","link":"https:\/\/www.ades-grenoble.org\/wordpress\/2012\/09\/03\/la-tarification-progressive-de-leau-du-gaz-et-de-lelectricite-devrait-arriver\/","title":{"rendered":"La tarification progressive de l\u2019eau, du gaz et de l\u2019\u00e9lectricit\u00e9 devrait arriver\u2026"},"content":{"rendered":"<p>Le Gouvernement a annonc\u00e9 le 29 ao\u00fbt 2012 qu\u2019une loi sur la tarification progressive de l&rsquo;eau, du gaz et de l&rsquo;\u00e9lectricit\u00e9, favorisant les habitants les moins gourmands en \u00e9nergie et eau, devrait \u00eatre vot\u00e9e avant la fin de l\u2019ann\u00e9e. C\u2019\u00e9tait une des promesses du candidat Hollande qui visait \u00e0 garantir l&rsquo;acc\u00e8s \u00e0 tous \u00e0 ces biens essentiels et \u00e0 inciter \u00e0 une\u00a0consommation responsable. Ce dossier a \u00e9t\u00e9 travaill\u00e9 par le d\u00e9put\u00e9 is\u00e9rois socialiste F. Brottes (un d\u00e9put\u00e9 PS qui bosse lui\u2026). L&rsquo;objectif affich\u00e9 \u00e9tait de faire sortir de la pr\u00e9carit\u00e9 \u00e9nerg\u00e9tique huit millions de Fran\u00e7ais.<\/p>\n<p><!--more-->La tarification progressive consiste \u00e0 mettre en place un syst\u00e8me de tarification inf\u00e9rieur au co\u00fbt du service pour les faibles consommations et qui augmente lorsque la consommation d\u00e9passe certains paliers, ainsi le m\u00e9nage peut g\u00e9rer au mieux le co\u00fbt de ces services. Mais pour que ce projet soit social et \u00e9cologique il faut qu\u2019il tienne compte de la composition et de la situation des revenus des m\u00e9nages (ce qui n\u2019est pas simple) et que, pour l\u2019eau, les immeubles en copropri\u00e9t\u00e9s et ceux des organismes de logement social pour lesquels les compteurs individuels sont g\u00e9r\u00e9s par la copropri\u00e9t\u00e9 ou l\u2019organisme, prennent en compte les situations sociales et les usages. Le nombre d&rsquo;occupants d&rsquo;un logement, le mode de chauffage, la situation g\u00e9ographique, la qualit\u00e9 de l&rsquo;isolation thermique figureraient parmi les crit\u00e8res appel\u00e9s \u00e0 \u00eatre pris en compte. \u00ab\u00a0C&rsquo;est sur la base du volontariat que les gens souscriront \u00e0 ce dispositif du r\u00e9gime progressif\u00a0\u00bb, a d\u00e9clar\u00e9 Fran\u00e7ois Brottes. Dossier \u00e0 suivre s\u00e9rieusement car ce projet, complexe \u00e0 mettre en \u0153uvre, a de bons objectifs politiques.<\/p>\n<p>Notons que le service public de chauffage urbain n\u2019est, h\u00e9las, pas dans les premiers services \u00e9tudi\u00e9s (nous y reviendrons car il y a du nouveau li\u00e9 \u00e0 nos actions \u00e0 Grenoble).<\/p>\n","protected":false},"excerpt":{"rendered":"<p>Le Gouvernement a annonc\u00e9 le 29 ao\u00fbt 2012 qu\u2019une loi sur la tarification progressive de l&rsquo;eau, du gaz et de l&rsquo;\u00e9lectricit\u00e9, favorisant les habitants les moins gourmands en \u00e9nergie et eau, devrait \u00eatre vot\u00e9e avant la fin de l\u2019ann\u00e9e. C\u2019\u00e9tait une des promesses du candidat Hollande qui visait \u00e0 garantir l&rsquo;acc\u00e8s \u00e0 tous \u00e0 ces [&hellip;]<\/p>\n","protected":false},"author":1,"featured_media":0,"comment_status":"closed","ping_status":"open","sticky":false,"template":"","format":"standard","meta":{"twitterCardType":"","cardImageID":0,"cardImage":"","cardTitle":"","cardDesc":"","cardImageAlt":"","cardPlayer":"","cardPlayerWidth":0,"cardPlayerHeight":0,"cardPlayerStream":"","cardPlayerCodec":"","footnotes":""},"categories":[11],"tags":[232,28,33],"class_list":["post-6021","post","type-post","status-publish","format-standard","hentry","category-politique-locale","tag-eau","tag-geg","tag-social"],"_links":{"self":[{"href":"https:\/\/www.ades-grenoble.org\/wordpress\/wp-json\/wp\/v2\/posts\/6021","targetHints":{"allow":["GET"]}}],"collection":[{"href":"https:\/\/www.ades-grenoble.org\/wordpress\/wp-json\/wp\/v2\/posts"}],"about":[{"href":"https:\/\/www.ades-grenoble.org\/wordpress\/wp-json\/wp\/v2\/types\/post"}],"author":[{"embeddable":true,"href":"https:\/\/www.ades-grenoble.org\/wordpress\/wp-json\/wp\/v2\/users\/1"}],"replies":[{"embeddable":true,"href":"https:\/\/www.ades-grenoble.org\/wordpress\/wp-json\/wp\/v2\/comments?post=6021"}],"version-history":[{"count":3,"href":"https:\/\/www.ades-grenoble.org\/wordpress\/wp-json\/wp\/v2\/posts\/6021\/revisions"}],"predecessor-version":[{"id":6024,"href":"https:\/\/www.ades-grenoble.org\/wordpress\/wp-json\/wp\/v2\/posts\/6021\/revisions\/6024"}],"wp:attachment":[{"href":"https:\/\/www.ades-grenoble.org\/wordpress\/wp-json\/wp\/v2\/media?parent=6021"}],"wp:term":[{"taxonomy":"category","embeddable":true,"href":"https:\/\/www.ades-grenoble.org\/wordpress\/wp-json\/wp\/v2\/categories?post=6021"},{"taxonomy":"post_tag","embeddable":true,"href":"https:\/\/www.ades-grenoble.org\/wordpress\/wp-json\/wp\/v2\/tags?post=6021"}],"curies":[{"name":"wp","href":"https:\/\/api.w.org\/{rel}","templated":true}]}}