{"id":6025,"date":"2012-09-03T19:05:22","date_gmt":"2012-09-03T17:05:22","guid":{"rendered":"http:\/\/www.ades-grenoble.org\/wordpress\/?p=6025"},"modified":"2012-09-03T19:05:22","modified_gmt":"2012-09-03T17:05:22","slug":"que-va-devenir-lancien-batiment-de-linstitut-de-geographie-alpine-iga-a-la-bastille","status":"publish","type":"post","link":"https:\/\/www.ades-grenoble.org\/wordpress\/2012\/09\/03\/que-va-devenir-lancien-batiment-de-linstitut-de-geographie-alpine-iga-a-la-bastille\/","title":{"rendered":"Que va devenir l\u2019ancien b\u00e2timent de l\u2019institut de g\u00e9ographie alpine (IGA) \u00e0 la Bastille ?"},"content":{"rendered":"<div id=\"attachment_6027\" style=\"width: 250px\" class=\"wp-caption alignleft\"><img loading=\"lazy\" decoding=\"async\" aria-describedby=\"caption-attachment-6027\" class=\" wp-image-6027 \" title=\"IGA\" src=\"http:\/\/www.ades-grenoble.org\/wordpress\/wp-content\/uploads\/2012\/09\/IGA-300x225.jpg\" alt=\"\" width=\"240\" height=\"180\" srcset=\"https:\/\/www.ades-grenoble.org\/wordpress\/wp-content\/uploads\/2012\/09\/IGA-300x225.jpg 300w, https:\/\/www.ades-grenoble.org\/wordpress\/wp-content\/uploads\/2012\/09\/IGA-150x112.jpg 150w, https:\/\/www.ades-grenoble.org\/wordpress\/wp-content\/uploads\/2012\/09\/IGA.jpg 600w\" sizes=\"auto, (max-width: 240px) 100vw, 240px\" \/><p id=\"caption-attachment-6027\" class=\"wp-caption-text\">Wikipedia Commons (\u00ab\u00a0freely reuse\u00a0\u00bb)<\/p><\/div>\n<p>Le b\u00e2timent de l\u2019ancien Institut de G\u00e9ographie Alpine (IGA) sur le site du Rabot a \u00e9t\u00e9 vendu aux ench\u00e8res par le gouvernement Sarkozy il y a plus d\u2019un an (op\u00e9ration lanc\u00e9e par M. Woerth comme pour un hippodrome). Il a \u00e9t\u00e9 achet\u00e9 par un promoteur haut-savoyard (M. Daniel Besson) pour la somme de 1,13 M\u20ac. Ce promoteur est le g\u00e9rant d\u2019une SCI \u00e0 Annecy le Vieux, au capital social de 8\u00a0000 \u20ac, mais qui ne rend pas publics ses comptes. Que veut-il en faire, myst\u00e8re\u00a0? Ce qui est surprenant c\u2019est que la ville n\u2019ait pas n\u00e9goci\u00e9 avec l\u2019Etat l\u2019achat de ce b\u00e2timent de qualit\u00e9 situ\u00e9 au c\u0153ur historique de la ville et qui aurait pu \u00eatre utilis\u00e9 pour diff\u00e9rentes activit\u00e9s. Encore une fois ce sont les promoteurs priv\u00e9s qui ont priorit\u00e9 alors qu\u2019il s\u2019agit d\u2019un site sensible faisant partie du patrimoine grenoblois qui devrait \u00eatre d\u00e9fendu sans h\u00e9sitation, mais la majorit\u00e9 municipale a d\u2019autres priorit\u00e9s\u2026<\/p>\n","protected":false},"excerpt":{"rendered":"<p>Le b\u00e2timent de l\u2019ancien Institut de G\u00e9ographie Alpine (IGA) sur le site du Rabot a \u00e9t\u00e9 vendu aux ench\u00e8res par le gouvernement Sarkozy il y a plus d\u2019un an (op\u00e9ration lanc\u00e9e par M. Woerth comme pour un hippodrome). Il a \u00e9t\u00e9 achet\u00e9 par un promoteur haut-savoyard (M. Daniel Besson) pour la somme de 1,13 M\u20ac. [&hellip;]<\/p>\n","protected":false},"author":1,"featured_media":0,"comment_status":"closed","ping_status":"open","sticky":false,"template":"","format":"standard","meta":{"twitterCardType":"","cardImageID":0,"cardImage":"","cardTitle":"","cardDesc":"","cardImageAlt":"","cardPlayer":"","cardPlayerWidth":0,"cardPlayerHeight":0,"cardPlayerStream":"","cardPlayerCodec":"","footnotes":""},"categories":[11],"tags":[65],"class_list":["post-6025","post","type-post","status-publish","format-standard","hentry","category-politique-locale","tag-urbanisme"],"_links":{"self":[{"href":"https:\/\/www.ades-grenoble.org\/wordpress\/wp-json\/wp\/v2\/posts\/6025","targetHints":{"allow":["GET"]}}],"collection":[{"href":"https:\/\/www.ades-grenoble.org\/wordpress\/wp-json\/wp\/v2\/posts"}],"about":[{"href":"https:\/\/www.ades-grenoble.org\/wordpress\/wp-json\/wp\/v2\/types\/post"}],"author":[{"embeddable":true,"href":"https:\/\/www.ades-grenoble.org\/wordpress\/wp-json\/wp\/v2\/users\/1"}],"replies":[{"embeddable":true,"href":"https:\/\/www.ades-grenoble.org\/wordpress\/wp-json\/wp\/v2\/comments?post=6025"}],"version-history":[{"count":2,"href":"https:\/\/www.ades-grenoble.org\/wordpress\/wp-json\/wp\/v2\/posts\/6025\/revisions"}],"predecessor-version":[{"id":6028,"href":"https:\/\/www.ades-grenoble.org\/wordpress\/wp-json\/wp\/v2\/posts\/6025\/revisions\/6028"}],"wp:attachment":[{"href":"https:\/\/www.ades-grenoble.org\/wordpress\/wp-json\/wp\/v2\/media?parent=6025"}],"wp:term":[{"taxonomy":"category","embeddable":true,"href":"https:\/\/www.ades-grenoble.org\/wordpress\/wp-json\/wp\/v2\/categories?post=6025"},{"taxonomy":"post_tag","embeddable":true,"href":"https:\/\/www.ades-grenoble.org\/wordpress\/wp-json\/wp\/v2\/tags?post=6025"}],"curies":[{"name":"wp","href":"https:\/\/api.w.org\/{rel}","templated":true}]}}