{"id":6029,"date":"2012-09-03T19:07:41","date_gmt":"2012-09-03T17:07:41","guid":{"rendered":"http:\/\/www.ades-grenoble.org\/wordpress\/?p=6029"},"modified":"2012-09-03T19:07:59","modified_gmt":"2012-09-03T17:07:59","slug":"cumul-des-mandats-suspense-insoutenable-au-ps","status":"publish","type":"post","link":"https:\/\/www.ades-grenoble.org\/wordpress\/2012\/09\/03\/cumul-des-mandats-suspense-insoutenable-au-ps\/","title":{"rendered":"Cumul des mandats\u2026 suspense insoutenable au PS !"},"content":{"rendered":"<p>Nous avions indiqu\u00e9 les d\u00e9cisions prises par l\u2019immense majorit\u00e9 du PS en ce qui concerne le non-cumul des mandats. Martine Aubry vient de rappeler aux parlementaires (d\u00e9put\u00e9s et s\u00e9nateurs) PS qu\u2019ils devaient dans les prochains jours se mettre en r\u00e8gle. A Grenoble cela concerne en premier lieu, le maire M. Destot, et au d\u00e9partement, A. Vallini, pr\u00e9sident du Conseil g\u00e9n\u00e9ral qui ont jusqu\u2019au 17 septembre 2012 pour choisir entre leur mandat d\u2019\u00e9lus locaux ou de parlementaires. Martine Aubry a d\u00e9clar\u00e9 le 24 ao\u00fbt 2012\u00a0: \u00ab\u00a0Quant on appartient \u00e0 un parti et que 90% des militants votent pour le non-cumul, eh bien on le respecte, ou bien on quitte le parti\u00a0\u00bb.<\/p>\n<p><!--more-->Que va-t-il se passer maintenant\u00a0? Vont-ils quitter le PS et cr\u00e9er un PC (Parti des Cumulards)\u00a0? Le suspense va devenir insoutenable surtout pour les pr\u00e9tendants \u00e0 la succession des chefs par h\u00e9ritage (une conception particuli\u00e8re de la d\u00e9mocratie qui se transmet depuis des d\u00e9cennies). Une p\u00e9tition interne au PS circule pour demander l\u2019application des d\u00e9cisions, pour l\u2019instant seuls deux \u00e9lus PS de la majorit\u00e9 grenobloise ont sign\u00e9 cette p\u00e9tition (C. Deslattes et G. Laeron). Le plus curieux c\u2019est que J. Safar n\u2019ait pas encore sign\u00e9 cette p\u00e9tition alors qu\u2019il est le premier int\u00e9ress\u00e9 par la d\u00e9mission du maire\u00a0! A suivre.<\/p>\n","protected":false},"excerpt":{"rendered":"<p>Nous avions indiqu\u00e9 les d\u00e9cisions prises par l\u2019immense majorit\u00e9 du PS en ce qui concerne le non-cumul des mandats. Martine Aubry vient de rappeler aux parlementaires (d\u00e9put\u00e9s et s\u00e9nateurs) PS qu\u2019ils devaient dans les prochains jours se mettre en r\u00e8gle. A Grenoble cela concerne en premier lieu, le maire M. Destot, et au d\u00e9partement, A. [&hellip;]<\/p>\n","protected":false},"author":1,"featured_media":0,"comment_status":"closed","ping_status":"open","sticky":false,"template":"","format":"standard","meta":{"twitterCardType":"","cardImageID":0,"cardImage":"","cardTitle":"","cardDesc":"","cardImageAlt":"","cardPlayer":"","cardPlayerWidth":0,"cardPlayerHeight":0,"cardPlayerStream":"","cardPlayerCodec":"","footnotes":""},"categories":[11],"tags":[72,74,107],"class_list":["post-6029","post","type-post","status-publish","format-standard","hentry","category-politique-locale","tag-cumuls-de-mandats","tag-destot","tag-vallini"],"_links":{"self":[{"href":"https:\/\/www.ades-grenoble.org\/wordpress\/wp-json\/wp\/v2\/posts\/6029","targetHints":{"allow":["GET"]}}],"collection":[{"href":"https:\/\/www.ades-grenoble.org\/wordpress\/wp-json\/wp\/v2\/posts"}],"about":[{"href":"https:\/\/www.ades-grenoble.org\/wordpress\/wp-json\/wp\/v2\/types\/post"}],"author":[{"embeddable":true,"href":"https:\/\/www.ades-grenoble.org\/wordpress\/wp-json\/wp\/v2\/users\/1"}],"replies":[{"embeddable":true,"href":"https:\/\/www.ades-grenoble.org\/wordpress\/wp-json\/wp\/v2\/comments?post=6029"}],"version-history":[{"count":3,"href":"https:\/\/www.ades-grenoble.org\/wordpress\/wp-json\/wp\/v2\/posts\/6029\/revisions"}],"predecessor-version":[{"id":6032,"href":"https:\/\/www.ades-grenoble.org\/wordpress\/wp-json\/wp\/v2\/posts\/6029\/revisions\/6032"}],"wp:attachment":[{"href":"https:\/\/www.ades-grenoble.org\/wordpress\/wp-json\/wp\/v2\/media?parent=6029"}],"wp:term":[{"taxonomy":"category","embeddable":true,"href":"https:\/\/www.ades-grenoble.org\/wordpress\/wp-json\/wp\/v2\/categories?post=6029"},{"taxonomy":"post_tag","embeddable":true,"href":"https:\/\/www.ades-grenoble.org\/wordpress\/wp-json\/wp\/v2\/tags?post=6029"}],"curies":[{"name":"wp","href":"https:\/\/api.w.org\/{rel}","templated":true}]}}