{"id":6033,"date":"2012-09-03T19:11:54","date_gmt":"2012-09-03T17:11:54","guid":{"rendered":"http:\/\/www.ades-grenoble.org\/wordpress\/?p=6033"},"modified":"2012-09-03T19:11:54","modified_gmt":"2012-09-03T17:11:54","slug":"lycee-mounier-le-recteur-a-encore-frappe-le-changement-cest-pas-maintenant","status":"publish","type":"post","link":"https:\/\/www.ades-grenoble.org\/wordpress\/2012\/09\/03\/lycee-mounier-le-recteur-a-encore-frappe-le-changement-cest-pas-maintenant\/","title":{"rendered":"Lyc\u00e9e Mounier\u2026 le Recteur a encore frapp\u00e9 : le changement, c\u2019est pas maintenant !"},"content":{"rendered":"<div id=\"attachment_5357\" style=\"width: 310px\" class=\"wp-caption alignleft\"><img loading=\"lazy\" decoding=\"async\" aria-describedby=\"caption-attachment-5357\" class=\"size-medium wp-image-5357\" title=\"MounierAuRectorat\" src=\"http:\/\/www.ades-grenoble.org\/wordpress\/wp-content\/uploads\/2012\/03\/MounierAuRectorat-300x225.jpg\" alt=\"\" width=\"300\" height=\"225\" srcset=\"https:\/\/www.ades-grenoble.org\/wordpress\/wp-content\/uploads\/2012\/03\/MounierAuRectorat-300x225.jpg 300w, https:\/\/www.ades-grenoble.org\/wordpress\/wp-content\/uploads\/2012\/03\/MounierAuRectorat-150x112.jpg 150w, https:\/\/www.ades-grenoble.org\/wordpress\/wp-content\/uploads\/2012\/03\/MounierAuRectorat.jpg 400w\" sizes=\"auto, (max-width: 300px) 100vw, 300px\" \/><p id=\"caption-attachment-5357\" class=\"wp-caption-text\">Les Mounier au rectorat (photo GK, tous droits r\u00e9serv\u00e9s)<\/p><\/div>\n<p>M. Aud\u00e9oud, recteur de l\u2019Acad\u00e9mie de Grenoble est toujours en place, ce qui reste un myst\u00e8re. Ce fonctionnaire de l\u2019Etat aura tout fait pour essayer de fermer le lyc\u00e9e Mounier. Heureusement, la mobilisation tr\u00e8s forte du collectif Mounier a permis d\u2019\u00e9viter le pire. Malheureusement le Recteur a emp\u00each\u00e9 la moiti\u00e9 du coll\u00e8ge M\u00fcnch de faire partie du district du lyc\u00e9e en limitant le nombre de classes de secondes \u00e0 4 pour la rentr\u00e9e 2012. Non content d\u2019emp\u00eacher le lyc\u00e9e de red\u00e9marrer normalement, il vient de d\u00e9poser plainte contre deux animateurs du collectif (Marc Garnier et Alain Minault) pour d\u00e9gradations lors d\u2019une manifestation devant le rectorat. En r\u00e9alit\u00e9 ce qui leur est reproch\u00e9 est d&rsquo;avoir particip\u00e9 \u00e0 une action collective au cours de laquelle une peinture biod\u00e9gradable a servi \u00e0 \u00ab\u00a0d\u00e9corer\u00a0\u00bb le parvis du rectorat. Ces deux parents ont \u00e9t\u00e9 convoqu\u00e9s \u00e0 l\u2019h\u00f4tel de police le 28 ao\u00fbt 2012, o\u00f9 ils ont \u00e9t\u00e9 accompagn\u00e9s par une trentaine d\u2019\u00e9luEs et de militantEs venus protester contre ces man\u0153uvres d\u2019intimidations qui visent \u00e0 la p\u00e9nalisation des actions collectives.<\/p>\n<p><!--more-->Rappelons une d\u00e9claration publique de ce Recteur au plus fort du mouvement\u00a0: \u00ab\u00a0j\u2019aimerais bien exp\u00e9dier certains enseignants \u00e0 Oulan Bator plut\u00f4t que de les voir mettre des poubelles devant les \u00e9tablissements\u2026\u00a0\u00bb. Quelles raisons emp\u00eachent le ministre de l\u2019Education nationale d\u2019intervenir pour faire cesser ces troubles \u00e0 l\u2019ordre public organis\u00e9s par le Recteur et pour que les d\u00e9cisions de justice qui ont annul\u00e9 ses d\u00e9cisions ill\u00e9gales soient pleinement appliqu\u00e9es\u00a0? N\u2019y a-t-il pas \u00e0 Grenoble des \u00e9lus (maire, d\u00e9put\u00e9, s\u00e9nateur, ministre) qui pourraient intervenir pour qu\u2019enfin le dossier Mounier change maintenant et que les familles qui ont demand\u00e9 des d\u00e9rogations pour inscrire leurs enfants en seconde \u00e0 Mounier obtiennent satisfaction ? La rentr\u00e9e c\u2019est maintenant\u00a0!<\/p>\n","protected":false},"excerpt":{"rendered":"<p>M. Aud\u00e9oud, recteur de l\u2019Acad\u00e9mie de Grenoble est toujours en place, ce qui reste un myst\u00e8re. Ce fonctionnaire de l\u2019Etat aura tout fait pour essayer de fermer le lyc\u00e9e Mounier. Heureusement, la mobilisation tr\u00e8s forte du collectif Mounier a permis d\u2019\u00e9viter le pire. Malheureusement le Recteur a emp\u00each\u00e9 la moiti\u00e9 du coll\u00e8ge M\u00fcnch de faire [&hellip;]<\/p>\n","protected":false},"author":1,"featured_media":0,"comment_status":"closed","ping_status":"open","sticky":false,"template":"","format":"standard","meta":{"twitterCardType":"","cardImageID":0,"cardImage":"","cardTitle":"","cardDesc":"","cardImageAlt":"","cardPlayer":"","cardPlayerWidth":0,"cardPlayerHeight":0,"cardPlayerStream":"","cardPlayerCodec":"","footnotes":""},"categories":[11],"tags":[84],"class_list":["post-6033","post","type-post","status-publish","format-standard","hentry","category-politique-locale","tag-mounier"],"_links":{"self":[{"href":"https:\/\/www.ades-grenoble.org\/wordpress\/wp-json\/wp\/v2\/posts\/6033","targetHints":{"allow":["GET"]}}],"collection":[{"href":"https:\/\/www.ades-grenoble.org\/wordpress\/wp-json\/wp\/v2\/posts"}],"about":[{"href":"https:\/\/www.ades-grenoble.org\/wordpress\/wp-json\/wp\/v2\/types\/post"}],"author":[{"embeddable":true,"href":"https:\/\/www.ades-grenoble.org\/wordpress\/wp-json\/wp\/v2\/users\/1"}],"replies":[{"embeddable":true,"href":"https:\/\/www.ades-grenoble.org\/wordpress\/wp-json\/wp\/v2\/comments?post=6033"}],"version-history":[{"count":3,"href":"https:\/\/www.ades-grenoble.org\/wordpress\/wp-json\/wp\/v2\/posts\/6033\/revisions"}],"predecessor-version":[{"id":6036,"href":"https:\/\/www.ades-grenoble.org\/wordpress\/wp-json\/wp\/v2\/posts\/6033\/revisions\/6036"}],"wp:attachment":[{"href":"https:\/\/www.ades-grenoble.org\/wordpress\/wp-json\/wp\/v2\/media?parent=6033"}],"wp:term":[{"taxonomy":"category","embeddable":true,"href":"https:\/\/www.ades-grenoble.org\/wordpress\/wp-json\/wp\/v2\/categories?post=6033"},{"taxonomy":"post_tag","embeddable":true,"href":"https:\/\/www.ades-grenoble.org\/wordpress\/wp-json\/wp\/v2\/tags?post=6033"}],"curies":[{"name":"wp","href":"https:\/\/api.w.org\/{rel}","templated":true}]}}