{"id":6040,"date":"2012-09-03T19:19:58","date_gmt":"2012-09-03T17:19:58","guid":{"rendered":"http:\/\/www.ades-grenoble.org\/wordpress\/?p=6040"},"modified":"2012-09-03T19:19:58","modified_gmt":"2012-09-03T17:19:58","slug":"cest-la-rentree-y-compris-pour","status":"publish","type":"post","link":"https:\/\/www.ades-grenoble.org\/wordpress\/2012\/09\/03\/cest-la-rentree-y-compris-pour\/","title":{"rendered":"C\u2019est la rentr\u00e9e\u2026 y compris pour :"},"content":{"rendered":"<ul>\n<li>40% des m\u00e9nages qui n\u2019ont pas pu prendre de vacances (plus de 60% dans certains quartiers)<\/li>\n<li>13\u00a0500 m\u00e9nages grenoblois (19% des m\u00e9nages grenoblois) qui vivent en dessous du seuil de pauvret\u00e9 (source Compas \u00e9tudes n\u00b02, ao\u00fbt 2012)\u00a0;<\/li>\n<li>11\u00a0700 ch\u00f4meuses et ch\u00f4meurs \u00e0 Grenoble, 25 300 dans l\u2019agglom\u00e9ration grenobloise et 72\u00a0200 dans l&rsquo;Is\u00e8re (tiens\u2026 c\u2019est un nombre que ni le maire, ni l\u2019agglo, ni le conseil g\u00e9n\u00e9ral ne rend public pas m\u00eame dans la rubrique \u00ab\u00a0nano-information\u00a0\u00bb)\u00a0;<\/li>\n<li>les dizaines d\u2019enfants (que la R\u00e9publique a l\u2019obligation de scolariser et prot\u00e9ger) des m\u00e9nages \u00e9trangers expuls\u00e9s cet \u00e9t\u00e9 des campements \u00e0 Saint-Martin-d\u2019H\u00e8res, La Tronche\u2026\u00a0;<\/li>\n<li>les dizaines de milliers de m\u00e9nages, d\u2019\u00e9tudiants et jeunes travailleurs qui cherchent d\u00e9sesp\u00e9r\u00e9ment un logement accessible \u00e0 leurs faibles moyens dans l\u2019agglom\u00e9ration grenobloise\u2026<\/li>\n<\/ul>\n<p>L\u2019ADES reprend la publication de son hebdomadaire \u00e9lectronique apr\u00e8s avoir pris quelques vacances (pas au Cap N\u00e8gre, ni dans un Riad de Marrakech).<\/p>\n","protected":false},"excerpt":{"rendered":"<p>40% des m\u00e9nages qui n\u2019ont pas pu prendre de vacances (plus de 60% dans certains quartiers) 13\u00a0500 m\u00e9nages grenoblois (19% des m\u00e9nages grenoblois) qui vivent en dessous du seuil de pauvret\u00e9 (source Compas \u00e9tudes n\u00b02, ao\u00fbt 2012)\u00a0; 11\u00a0700 ch\u00f4meuses et ch\u00f4meurs \u00e0 Grenoble, 25 300 dans l\u2019agglom\u00e9ration grenobloise et 72\u00a0200 dans l&rsquo;Is\u00e8re (tiens\u2026 c\u2019est un [&hellip;]<\/p>\n","protected":false},"author":1,"featured_media":0,"comment_status":"closed","ping_status":"open","sticky":false,"template":"","format":"standard","meta":{"twitterCardType":"","cardImageID":0,"cardImage":"","cardTitle":"","cardDesc":"","cardImageAlt":"","cardPlayer":"","cardPlayerWidth":0,"cardPlayerHeight":0,"cardPlayerStream":"","cardPlayerCodec":"","footnotes":""},"categories":[11],"tags":[33],"class_list":["post-6040","post","type-post","status-publish","format-standard","hentry","category-politique-locale","tag-social"],"_links":{"self":[{"href":"https:\/\/www.ades-grenoble.org\/wordpress\/wp-json\/wp\/v2\/posts\/6040","targetHints":{"allow":["GET"]}}],"collection":[{"href":"https:\/\/www.ades-grenoble.org\/wordpress\/wp-json\/wp\/v2\/posts"}],"about":[{"href":"https:\/\/www.ades-grenoble.org\/wordpress\/wp-json\/wp\/v2\/types\/post"}],"author":[{"embeddable":true,"href":"https:\/\/www.ades-grenoble.org\/wordpress\/wp-json\/wp\/v2\/users\/1"}],"replies":[{"embeddable":true,"href":"https:\/\/www.ades-grenoble.org\/wordpress\/wp-json\/wp\/v2\/comments?post=6040"}],"version-history":[{"count":3,"href":"https:\/\/www.ades-grenoble.org\/wordpress\/wp-json\/wp\/v2\/posts\/6040\/revisions"}],"predecessor-version":[{"id":6043,"href":"https:\/\/www.ades-grenoble.org\/wordpress\/wp-json\/wp\/v2\/posts\/6040\/revisions\/6043"}],"wp:attachment":[{"href":"https:\/\/www.ades-grenoble.org\/wordpress\/wp-json\/wp\/v2\/media?parent=6040"}],"wp:term":[{"taxonomy":"category","embeddable":true,"href":"https:\/\/www.ades-grenoble.org\/wordpress\/wp-json\/wp\/v2\/categories?post=6040"},{"taxonomy":"post_tag","embeddable":true,"href":"https:\/\/www.ades-grenoble.org\/wordpress\/wp-json\/wp\/v2\/tags?post=6040"}],"curies":[{"name":"wp","href":"https:\/\/api.w.org\/{rel}","templated":true}]}}