{"id":6082,"date":"2012-09-14T18:10:09","date_gmt":"2012-09-14T16:10:09","guid":{"rendered":"http:\/\/www.ades-grenoble.org\/wordpress\/?p=6082"},"modified":"2012-09-14T18:10:09","modified_gmt":"2012-09-14T16:10:09","slug":"stmicroelectronics-organise-le-chomage-partiel-a-crolles","status":"publish","type":"post","link":"https:\/\/www.ades-grenoble.org\/wordpress\/2012\/09\/14\/stmicroelectronics-organise-le-chomage-partiel-a-crolles\/","title":{"rendered":"STMicroelectronics organise le ch\u00f4mage partiel \u00e0 Crolles"},"content":{"rendered":"<p>STMicroelectronics vient d\u2019annoncer un nouveau d\u00e9clenchement du ch\u00f4mage partiel pour le 4\u00e8me trimestre 2012, qui touchera les sites de Crolles en France et de Catane en Italie. Dans l\u2019unit\u00e9 de production dite \u00ab Crolles 200 \u00bb, il est pr\u00e9vu 7 jours de ch\u00f4mage partiel et un arr\u00eat de la production du 24 d\u00e9cembre 2012 au 2 janvier 2013. Quant \u00e0 \u00ab Crolles 300 \u00bb il est envisag\u00e9 10 jours de ch\u00f4mage partiel par rotation du 29 septembre au 21 d\u00e9cembre et arr\u00eat de la production du 21 d\u00e9cembre au 2 janvier 2013.<\/p>\n<p>Par ailleurs, le management de ST aurait indiqu\u00e9 lors d\u2019une rencontre avec le syndicat Italien UGL que ces mesures pourraient ne pas \u00eatre les seules prises par l\u2019entreprise pour surmonter ce dernier trimestre 2012 et que le PDG de ST, Carlo Bozotti, allait annoncer cette semaine la r\u00e9organisation globale de la soci\u00e9t\u00e9 et le bouleversement de son mod\u00e8le industriel actuel.<\/p>\n<p>Ces annonces peu encourageantes laissent craindre un plan de licenciements en pr\u00e9paration. Le programme \u00ab nano2012 \u00bb qui faisait suite \u00e0 \u00ab Alliance \u00bb pr\u00e9voyait un fort d\u00e9veloppement de l\u2019emploi \u00e0 Crolles, la r\u00e9alit\u00e9 est tout autre et c\u2019est \u00e0 une stagnation que l\u2019on assiste.<\/p>\n<p><!--more-->La Chambre de Commerce et d\u2019Industrie de l\u2019Is\u00e8re a command\u00e9 une \u00e9tude sur \u00ab l\u2019Analyse de l\u2019impact de STMicroelectronics sur l\u2019emploi et le p\u00f4le \u00e9conomique Grenoble-Is\u00e8re \u00bb. La CCI a rendu public le 4 juillet 2012, le rapport du cabinet Reverdy et associ\u00e9s, qui avait d\u00e9j\u00e0 travaill\u00e9 sur le sujet il y a quelques ann\u00e9es (<a href=\"http:\/\/www.grenoble.cci.fr\/medias\/fichier\/rapportimpactst-reverdy4mai2012_1341479252124.pdf\" target=\"_blank\">t\u00e9l\u00e9charger le rapport en ligne<\/a>).<\/p>\n<p>Ce rapport est int\u00e9ressant car il donne de nombreux chiffres sur la fili\u00e8re de la micro\u00e9lectronique dans le monde et dans notre r\u00e9gion.<\/p>\n<p>Le rapport conclu : \u00ab La fili\u00e8re industrielle grenobloise li\u00e9e \u00e0 ST mobilise environ 8250 emplois directs et indirects. Cette fili\u00e8re a en outre des retomb\u00e9es positives. Chaque ann\u00e9e, le revenu apport\u00e9 par les unit\u00e9s grenobloises de STMicroelectronics irrigue l\u2019\u00e9conomie et cr\u00e9e, selon nos estimations, environ 8800 emplois induits au niveau r\u00e9gional et presque autant au niveau national. \u00bb Ceci ne constitue pas une surprise et remet m\u00eame en cause les chiffres avanc\u00e9s par certains selon lesquels ces types d\u2019investissements g\u00e9n\u00e8rent un \u00ab grand ruissellement \u00bb en mati\u00e8re d\u2019emplois sur l\u2019ensemble de la r\u00e9gion.<\/p>\n<p>Les vrais chiffres de l\u2019emploi \u00e0 Crolles sont \u00e9galement tr\u00e8s instructifs.<\/p>\n<p>Le tableau pr\u00e9sente l\u2019\u00e9volution de l\u2019emploi \u00e0 ST Crolles et Grenoble depuis 1992<\/p>\n<p><img loading=\"lazy\" decoding=\"async\" class=\"aligncenter size-full wp-image-6084\" title=\"emploisST-1992-2011\" src=\"http:\/\/www.ades-grenoble.org\/wordpress\/wp-content\/uploads\/2012\/09\/emploisST-1992-2011.jpg\" alt=\"\" width=\"475\" height=\"290\" srcset=\"https:\/\/www.ades-grenoble.org\/wordpress\/wp-content\/uploads\/2012\/09\/emploisST-1992-2011.jpg 475w, https:\/\/www.ades-grenoble.org\/wordpress\/wp-content\/uploads\/2012\/09\/emploisST-1992-2011-150x91.jpg 150w, https:\/\/www.ades-grenoble.org\/wordpress\/wp-content\/uploads\/2012\/09\/emploisST-1992-2011-300x183.jpg 300w\" sizes=\"auto, (max-width: 475px) 100vw, 475px\" \/>Depuis 2006, l\u2019emploi est constant ou en l\u00e9g\u00e8re diminution, ce qui n\u2019est pas conforme aux engagements pris par ST avec les pouvoirs publics. En 2010 les syndicats avaient indiqu\u00e9 que ST ne cr\u00e9ait plus d\u2019emploi \u00e0 Crolles. Cette \u00e9tude le confirme. Dans la convention \u00ab nano2012 \u00bb ST s\u2019engageait \u00e0 cr\u00e9er 660 emplois nouveaux, ce qui n\u2019est pas le cas.<\/p>\n<p>Par ailleurs, l\u2019Etat et les collectivit\u00e9s locales ont subventionn\u00e9 ces soci\u00e9t\u00e9s priv\u00e9es de la r\u00e9gion grenobloise \u00e0 hauteur de plus de 500 millions d\u2019euros (op\u00e9rations \u00ab Alliance \u00bb) : parmi les soci\u00e9t\u00e9s b\u00e9n\u00e9ficiaires de ces subventions conjointement \u00e0 STMicro et au CEA, figuraient Freescale-ex Motorola et NXP-ex Philips qui ont ferm\u00e9 boutique \u00e0 Crolles apr\u00e8s les avoir empoch\u00e9es. NXP a proc\u00e9d\u00e9 \u00e0 450 licenciements en France et Freescale \u00e0 Toulouse a licenci\u00e9 l\u2019\u00e9t\u00e9 dernier 397 personnes : c\u2019est \u00e7a aussi le \u00ab grand ruissellement \u00bb des profits.<\/p>\n","protected":false},"excerpt":{"rendered":"<p>STMicroelectronics vient d\u2019annoncer un nouveau d\u00e9clenchement du ch\u00f4mage partiel pour le 4\u00e8me trimestre 2012, qui touchera les sites de Crolles en France et de Catane en Italie. Dans l\u2019unit\u00e9 de production dite \u00ab Crolles 200 \u00bb, il est pr\u00e9vu 7 jours de ch\u00f4mage partiel et un arr\u00eat de la production du 24 d\u00e9cembre 2012 au [&hellip;]<\/p>\n","protected":false},"author":1,"featured_media":0,"comment_status":"closed","ping_status":"open","sticky":false,"template":"","format":"standard","meta":{"twitterCardType":"","cardImageID":0,"cardImage":"","cardTitle":"","cardDesc":"","cardImageAlt":"","cardPlayer":"","cardPlayerWidth":0,"cardPlayerHeight":0,"cardPlayerStream":"","cardPlayerCodec":"","footnotes":""},"categories":[11],"tags":[104,46],"class_list":["post-6082","post","type-post","status-publish","format-standard","hentry","category-politique-locale","tag-economie","tag-nanos"],"_links":{"self":[{"href":"https:\/\/www.ades-grenoble.org\/wordpress\/wp-json\/wp\/v2\/posts\/6082","targetHints":{"allow":["GET"]}}],"collection":[{"href":"https:\/\/www.ades-grenoble.org\/wordpress\/wp-json\/wp\/v2\/posts"}],"about":[{"href":"https:\/\/www.ades-grenoble.org\/wordpress\/wp-json\/wp\/v2\/types\/post"}],"author":[{"embeddable":true,"href":"https:\/\/www.ades-grenoble.org\/wordpress\/wp-json\/wp\/v2\/users\/1"}],"replies":[{"embeddable":true,"href":"https:\/\/www.ades-grenoble.org\/wordpress\/wp-json\/wp\/v2\/comments?post=6082"}],"version-history":[{"count":2,"href":"https:\/\/www.ades-grenoble.org\/wordpress\/wp-json\/wp\/v2\/posts\/6082\/revisions"}],"predecessor-version":[{"id":6085,"href":"https:\/\/www.ades-grenoble.org\/wordpress\/wp-json\/wp\/v2\/posts\/6082\/revisions\/6085"}],"wp:attachment":[{"href":"https:\/\/www.ades-grenoble.org\/wordpress\/wp-json\/wp\/v2\/media?parent=6082"}],"wp:term":[{"taxonomy":"category","embeddable":true,"href":"https:\/\/www.ades-grenoble.org\/wordpress\/wp-json\/wp\/v2\/categories?post=6082"},{"taxonomy":"post_tag","embeddable":true,"href":"https:\/\/www.ades-grenoble.org\/wordpress\/wp-json\/wp\/v2\/tags?post=6082"}],"curies":[{"name":"wp","href":"https:\/\/api.w.org\/{rel}","templated":true}]}}