{"id":6125,"date":"2012-09-22T12:12:11","date_gmt":"2012-09-22T10:12:11","guid":{"rendered":"http:\/\/www.ades-grenoble.org\/wordpress\/?p=6125"},"modified":"2012-09-22T12:12:11","modified_gmt":"2012-09-22T10:12:11","slug":"pour-ceux-qui-ont-la-memoire-courte-et-qui-manquent-dhumour","status":"publish","type":"post","link":"https:\/\/www.ades-grenoble.org\/wordpress\/2012\/09\/22\/pour-ceux-qui-ont-la-memoire-courte-et-qui-manquent-dhumour\/","title":{"rendered":"Pour ceux qui ont la m\u00e9moire courte et qui manquent d\u2019humour"},"content":{"rendered":"<p>L\u2019ADES a d\u00e9cid\u00e9 il y a un quart de si\u00e8cle de se doter d\u2019un p\u00e9riodique local pour soutenir ses actions et celles des \u00e9luEs \u00e9cologistes \u00e0 la ville de Grenoble. En clin d\u2019\u0153il \u00e0 Stendhal, n\u00e9 le 23 janvier 1783 \u00e0 Grenoble, auteur du roman \u00ab Le Rouge et le Noir \u00bb (1830) dont le sous-titre est \u00ab Chroniques du XIXe si\u00e8cle \u00bb, et qui porte en \u00e9pigraphe \u00ab \u00ab La v\u00e9rit\u00e9, l&rsquo;\u00e2pre v\u00e9rit\u00e9. DANTON \u00bb, nous avons choisi comme titre de notre p\u00e9riodique grenoblois : \u00ab Le Rouge et le Vert \u00bb.<\/p>\n<p>Le personnage du roman de Stendhal, Julien Sorel, est condamn\u00e9 \u00e0 la guillotine, notamment \u00e0 cause d&rsquo;un discours provocant d\u00e9non\u00e7ant les castes et l&rsquo;ordre \u00e9tabli, plus que pour la tentative d\u2019assassinat pour laquelle il est jug\u00e9.<\/p>\n<p>\u00ab Le Rouge et le Vert \u00bb poursuit sa vie, dans l\u2019opposition \u00e0 la politique municipale actuelle et milite pour un renouveau citoyen de l\u2019action publique \u00e0 Grenoble.<\/p>\n","protected":false},"excerpt":{"rendered":"<p>L\u2019ADES a d\u00e9cid\u00e9 il y a un quart de si\u00e8cle de se doter d\u2019un p\u00e9riodique local pour soutenir ses actions et celles des \u00e9luEs \u00e9cologistes \u00e0 la ville de Grenoble. En clin d\u2019\u0153il \u00e0 Stendhal, n\u00e9 le 23 janvier 1783 \u00e0 Grenoble, auteur du roman \u00ab Le Rouge et le Noir \u00bb (1830) dont le [&hellip;]<\/p>\n","protected":false},"author":1,"featured_media":0,"comment_status":"closed","ping_status":"open","sticky":false,"template":"","format":"standard","meta":{"twitterCardType":"","cardImageID":0,"cardImage":"","cardTitle":"","cardDesc":"","cardImageAlt":"","cardPlayer":"","cardPlayerWidth":0,"cardPlayerHeight":0,"cardPlayerStream":"","cardPlayerCodec":"","footnotes":""},"categories":[11],"tags":[7],"class_list":["post-6125","post","type-post","status-publish","format-standard","hentry","category-politique-locale","tag-le-rouge-le-vert"],"_links":{"self":[{"href":"https:\/\/www.ades-grenoble.org\/wordpress\/wp-json\/wp\/v2\/posts\/6125","targetHints":{"allow":["GET"]}}],"collection":[{"href":"https:\/\/www.ades-grenoble.org\/wordpress\/wp-json\/wp\/v2\/posts"}],"about":[{"href":"https:\/\/www.ades-grenoble.org\/wordpress\/wp-json\/wp\/v2\/types\/post"}],"author":[{"embeddable":true,"href":"https:\/\/www.ades-grenoble.org\/wordpress\/wp-json\/wp\/v2\/users\/1"}],"replies":[{"embeddable":true,"href":"https:\/\/www.ades-grenoble.org\/wordpress\/wp-json\/wp\/v2\/comments?post=6125"}],"version-history":[{"count":3,"href":"https:\/\/www.ades-grenoble.org\/wordpress\/wp-json\/wp\/v2\/posts\/6125\/revisions"}],"predecessor-version":[{"id":6128,"href":"https:\/\/www.ades-grenoble.org\/wordpress\/wp-json\/wp\/v2\/posts\/6125\/revisions\/6128"}],"wp:attachment":[{"href":"https:\/\/www.ades-grenoble.org\/wordpress\/wp-json\/wp\/v2\/media?parent=6125"}],"wp:term":[{"taxonomy":"category","embeddable":true,"href":"https:\/\/www.ades-grenoble.org\/wordpress\/wp-json\/wp\/v2\/categories?post=6125"},{"taxonomy":"post_tag","embeddable":true,"href":"https:\/\/www.ades-grenoble.org\/wordpress\/wp-json\/wp\/v2\/tags?post=6125"}],"curies":[{"name":"wp","href":"https:\/\/api.w.org\/{rel}","templated":true}]}}