{"id":6199,"date":"2012-10-13T12:53:00","date_gmt":"2012-10-13T10:53:00","guid":{"rendered":"http:\/\/www.ades-grenoble.org\/wordpress\/?p=6199"},"modified":"2012-10-13T12:53:00","modified_gmt":"2012-10-13T10:53:00","slug":"politique-economique-locale","status":"publish","type":"post","link":"https:\/\/www.ades-grenoble.org\/wordpress\/2012\/10\/13\/politique-economique-locale\/","title":{"rendered":"Politique \u00e9conomique locale"},"content":{"rendered":"<div id=\"attachment_1638\" style=\"width: 160px\" class=\"wp-caption alignleft\"><img loading=\"lazy\" decoding=\"async\" aria-describedby=\"caption-attachment-1638\" class=\"size-thumbnail wp-image-1638\" title=\"clinatec\" src=\"http:\/\/www.ades-grenoble.org\/wordpress\/wp-content\/uploads\/2010\/05\/clinatec-150x74.jpg\" alt=\"Vue d'artiste du futur Clinatec\" width=\"150\" height=\"74\" srcset=\"https:\/\/www.ades-grenoble.org\/wordpress\/wp-content\/uploads\/2010\/05\/clinatec-150x74.jpg 150w, https:\/\/www.ades-grenoble.org\/wordpress\/wp-content\/uploads\/2010\/05\/clinatec.jpg 222w\" sizes=\"auto, (max-width: 150px) 100vw, 150px\" \/><p id=\"caption-attachment-1638\" class=\"wp-caption-text\">Vue d&rsquo;artiste du futur Clinatec<\/p><\/div>\n<p>Le 19 septembre la conf\u00e9rence des Villes, organis\u00e9e par l\u2019Association des Maires de Grandes Villes de France (AMGVF), dont le pr\u00e9sident est M. Destot, a planch\u00e9 sur le r\u00f4le clef des grandes villes dans la croissance \u00e9conomique et la nouvelle \u00e9tape de la d\u00e9centralisation.<\/p>\n<p>M. Destot a notamment d\u00e9clar\u00e9\u00a0: \u00ab Si l\u2019on ne peut qu\u2019\u00eatre d\u2019accord pour engager un nouveau transfert de comp\u00e9tences au b\u00e9n\u00e9fice des r\u00e9gions, il serait contre productif de leur attribuer toute la comp\u00e9tence \u00e9conomique \u00bb ; il a r\u00e9fut\u00e9 la notion de chef de file et insist\u00e9 sur la n\u00e9cessit\u00e9 de trouver un \u00e9quilibre entre niveaux de collectivit\u00e9s.<\/p>\n<p>Nous ne partageons pas cette volont\u00e9 d\u2019autonomisation des communes sur la politique \u00e9conomique. Si on veut l\u2019efficacit\u00e9 c\u2019est bien au niveau de l\u2019Etat et de la r\u00e9gion que les grands axes d\u2019une politique \u00e9conomique doivent \u00eatre d\u00e9finis, c\u2019est le bon niveau territorial. Malheureusement la r\u00e8gle qui fait de la r\u00e9gion le pilote de la politique \u00e9conomique a \u00e9t\u00e9, ces derni\u00e8res ann\u00e9es, all\u00e8grement viol\u00e9e \u00e0 Grenoble et dans le d\u00e9partement \u00e0 l\u2019occasion des grandes op\u00e9rations sur la micro\u00e9lectronique \u00e0 Crolles et la cr\u00e9ation de Minatec \u00e0 Grenoble.<\/p>\n<p><!--more-->La r\u00e9gion s\u2019est content\u00e9e de suivre le maire de Grenoble qui appliquait la strat\u00e9gie d\u00e9finie nationalement par le CEA, d\u2019o\u00f9 ce choix de la mono-activit\u00e9 qui n\u2019est pas un choix durable qui aurait pu conduire \u00e0 la plus grande cr\u00e9ation d\u2019emplois. La r\u00e9flexion sur la politique r\u00e9gionale n\u2019a pas eu lieu et dans le contrat avec l\u2019Etat, en Is\u00e8re tout a \u00e9t\u00e9 fl\u00e9ch\u00e9 sur cette mono-activit\u00e9. Dernier avatar de cette politique discutable, CLINATEC, op\u00e9ration pilot\u00e9e \u00e0 100 % par le CEA de Grenoble, a \u00e9t\u00e9 financ\u00e9e en quasi-totalit\u00e9 par les collectivit\u00e9s territoriales qui n\u2019ont pas eu leur mot \u00e0 dire.<\/p>\n<p>La derni\u00e8re enqu\u00eate de p\u00f4le emploi sur les besoins en main d\u2019\u0153uvre en Is\u00e8re montre que ce sont les services (66%) qui viennent en t\u00eate, devant le commerce (12%), l\u2019industrie (10%), l\u2019agriculture 7% et la construction (5%). Dans les services, ce ne sont pas ceux li\u00e9s au high tech qui dominent, loin de l\u00e0. Une politique \u00e9conomique locale doit s\u2019int\u00e9resser \u00e0 l\u2019ensemble du tissu \u00e9conomique et privil\u00e9gier les emplois utiles et durables.<\/p>\n<p>Donc d\u00e9fendons les comp\u00e9tences actuelles de la r\u00e9gion comme vrai pilote de la politique \u00e9conomique, et pas seulement comme un guichet qui d\u00e9livre des subventions aux op\u00e9rations conduites par d\u2019autres collectivit\u00e9s.<\/p>\n","protected":false},"excerpt":{"rendered":"<p>Le 19 septembre la conf\u00e9rence des Villes, organis\u00e9e par l\u2019Association des Maires de Grandes Villes de France (AMGVF), dont le pr\u00e9sident est M. Destot, a planch\u00e9 sur le r\u00f4le clef des grandes villes dans la croissance \u00e9conomique et la nouvelle \u00e9tape de la d\u00e9centralisation. M. Destot a notamment d\u00e9clar\u00e9\u00a0: \u00ab Si l\u2019on ne peut qu\u2019\u00eatre [&hellip;]<\/p>\n","protected":false},"author":1,"featured_media":0,"comment_status":"closed","ping_status":"open","sticky":false,"template":"","format":"standard","meta":{"twitterCardType":"","cardImageID":0,"cardImage":"","cardTitle":"","cardDesc":"","cardImageAlt":"","cardPlayer":"","cardPlayerWidth":0,"cardPlayerHeight":0,"cardPlayerStream":"","cardPlayerCodec":"","footnotes":""},"categories":[11],"tags":[45,104,46],"class_list":["post-6199","post","type-post","status-publish","format-standard","hentry","category-politique-locale","tag-clinatec","tag-economie","tag-nanos"],"_links":{"self":[{"href":"https:\/\/www.ades-grenoble.org\/wordpress\/wp-json\/wp\/v2\/posts\/6199","targetHints":{"allow":["GET"]}}],"collection":[{"href":"https:\/\/www.ades-grenoble.org\/wordpress\/wp-json\/wp\/v2\/posts"}],"about":[{"href":"https:\/\/www.ades-grenoble.org\/wordpress\/wp-json\/wp\/v2\/types\/post"}],"author":[{"embeddable":true,"href":"https:\/\/www.ades-grenoble.org\/wordpress\/wp-json\/wp\/v2\/users\/1"}],"replies":[{"embeddable":true,"href":"https:\/\/www.ades-grenoble.org\/wordpress\/wp-json\/wp\/v2\/comments?post=6199"}],"version-history":[{"count":2,"href":"https:\/\/www.ades-grenoble.org\/wordpress\/wp-json\/wp\/v2\/posts\/6199\/revisions"}],"predecessor-version":[{"id":6201,"href":"https:\/\/www.ades-grenoble.org\/wordpress\/wp-json\/wp\/v2\/posts\/6199\/revisions\/6201"}],"wp:attachment":[{"href":"https:\/\/www.ades-grenoble.org\/wordpress\/wp-json\/wp\/v2\/media?parent=6199"}],"wp:term":[{"taxonomy":"category","embeddable":true,"href":"https:\/\/www.ades-grenoble.org\/wordpress\/wp-json\/wp\/v2\/categories?post=6199"},{"taxonomy":"post_tag","embeddable":true,"href":"https:\/\/www.ades-grenoble.org\/wordpress\/wp-json\/wp\/v2\/tags?post=6199"}],"curies":[{"name":"wp","href":"https:\/\/api.w.org\/{rel}","templated":true}]}}