{"id":6221,"date":"2012-10-13T13:14:05","date_gmt":"2012-10-13T11:14:05","guid":{"rendered":"http:\/\/www.ades-grenoble.org\/wordpress\/?p=6221"},"modified":"2012-10-13T13:14:05","modified_gmt":"2012-10-13T11:14:05","slug":"sahiri-mais-ca-suffit","status":"publish","type":"post","link":"https:\/\/www.ades-grenoble.org\/wordpress\/2012\/10\/13\/sahiri-mais-ca-suffit\/","title":{"rendered":"Sahiri, mais \u00e7a suffit !"},"content":{"rendered":"<p>Vitesse, pour ne pas dire pr\u00e9cipitation, et paresse guident les m\u00e9dias quand il s\u2019agit de faire appel \u00e0 un soit disant expert de sujet br\u00fblant. Le profil de l\u2019int\u00e9ress\u00e9 ne varie pas, il doit \u00eatre \u00abbon client\u00bb, pour employer le jargon, savoir s\u2019exprimer en quelques phrases et ass\u00e9ner des v\u00e9rit\u00e9s d\u00e9finitives avec l\u2019air p\u00e9n\u00e9tr\u00e9 de celui qui ne peut se tromper. Une fois intronis\u00e9, c\u2019est alors la gratification supr\u00eame avec en boucle la tourn\u00e9e des plateaux et studios dans des \u00e9missions dites de d\u00e9bat. Parmi ces \u00ab\u00a0experts\u00a0\u00bb r\u00e9pertori\u00e9s, et bien qu\u2019il ne corresponde pas totalement au profil, Aziz Sahiri.<\/p>\n<p>Educateur si l\u2019on se fie \u00e0 son curriculum vitae, il est adjoint du maire corrompu de 1989-1995 \u00e0 Grenoble. Pendant cette p\u00e9riode, le pr\u00e9sident du CODASE (Comit\u00e9 Dauphinois d\u2019Action Socio-\u00e9ducative) qui n\u2019est autre que le premier adjoint au maire de l\u2019\u00e9poque, cr\u00e9e de toute pi\u00e8ce un emploi de cadre au profit de A. Sahiri. Celui-ci va \u00e9marger pendant 6 ans sur le budget du CODASE (subventionn\u00e9 entre autres par le Conseil g\u00e9n\u00e9ral) sans jamais occuper le poste, ce qui vaudra au Pr\u00e9sident de l\u2019association une mise en examen \u00e0 la suite de plaintes de la CFDT et du comit\u00e9 d\u2019entreprise. Mais au fait de quoi est-il expert A. Sahri\u00a0?<\/p>\n<p><!--more-->Il se pr\u00e9sente et on le pr\u00e9sente comme un sp\u00e9cialiste de la pr\u00e9vention de la d\u00e9linquance. En 2005 ne disait-il pas \u00e0 propos de la d\u00e9linquance des jeunes : \u00ab\u00a0L\u2019incapacit\u00e9 \u00e0 s\u2019exprimer g\u00e9n\u00e8re de la frustration. Faute de mots, l\u2019instrument d\u2019\u00e9change devient alors la castagne. Et moins on est capable d\u2019\u00e9laborer des phrases, plus on tape\u00a0\u00bb. Comment ne pas reconna\u00eetre la pertinence de cette r\u00e9flexion de haut niveau, car A. Sahiri parle d\u2019or et il le prouve. En 2006 le tribunal correctionnel de Grenoble le condamne \u00e0 18 mois de prison avec sursis pour violence avec armes et d\u00e9tention ill\u00e9gales d\u2019armes \u00e0 feu, et l\u2019interdit de droits civils, civiques et familiaux pendant deux ans. Il y avait d\u00e9j\u00e0 eu quelques pr\u00e9c\u00e9dents avec menace de casser les jambes d\u2019un \u00e9lu \u00e0 coup de batte de base- ball, ou de s\u2019en prendre \u00e0 des voisins \u00e0 l\u2019aide d\u2019un coup de poing am\u00e9ricain.<\/p>\n<p>Pr\u00e9sent\u00e9 d\u00e9sormais comme \u00ab\u00a0ancien\u00a0\u00bb ou toujours, c\u2019est selon, \u00ab\u00a0conseiller technique en pr\u00e9vention de la d\u00e9linquance\u00a0\u00bb, mais ancien \u00e9ducateur sp\u00e9cialis\u00e9, il continue de p\u00e9rorer sur les plateaux t\u00e9l\u00e9 ou en studios de pr\u00e9f\u00e9rence du service public. On d\u00e9cernera ici une mention particuli\u00e8re \u00e0 l\u2019animateur de\u00a0\u00ab\u00a0 C dans l\u2019air\u00a0\u00bb et \u00ab\u00a0Mots Crois\u00e9s\u00a0\u00bb qui ne peut se passer de A. Sahiri m\u00eame quand l\u2019\u00e9mission diffus\u00e9e mardi dernier a pour titre \u00ab\u00a0Terroristes\u00a0: made in France\u00a0\u00bb. A moins que en cherchant bien\u2026<\/p>\n<p>Quoiqu\u2019il en soit ce d\u00e9linquant sp\u00e9cialis\u00e9 ne craint pas de s\u2019emporter face \u00e0 son interlocuteur \u00e0 propos du duo pr\u00e9vention r\u00e9pression \u00ab\u00a0\u00e7a c\u2019est mon m\u00e9tier et je le connais mieux que vous\u00a0\u00bb. Au regard de son parcours, en effet nous n\u2019irons pas le d\u00e9mentir.<\/p>\n<p>En revanche, si apr\u00e8s avoir fait l\u2019effort minimum de renseignements sur leurs invit\u00e9s potentiels, les m\u00e9dias pouvaient faire d\u00e9finitivement dispara\u00eetre de leurs ondes et de leurs \u00e9crans ce type d\u2019\u00e9nergum\u00e8ne, il remplirait \u00e0 coup s\u00fbr leur mission de salubrit\u00e9 et de service public.<\/p>\n","protected":false},"excerpt":{"rendered":"<p>Vitesse, pour ne pas dire pr\u00e9cipitation, et paresse guident les m\u00e9dias quand il s\u2019agit de faire appel \u00e0 un soit disant expert de sujet br\u00fblant. Le profil de l\u2019int\u00e9ress\u00e9 ne varie pas, il doit \u00eatre \u00abbon client\u00bb, pour employer le jargon, savoir s\u2019exprimer en quelques phrases et ass\u00e9ner des v\u00e9rit\u00e9s d\u00e9finitives avec l\u2019air p\u00e9n\u00e9tr\u00e9 de [&hellip;]<\/p>\n","protected":false},"author":1,"featured_media":0,"comment_status":"closed","ping_status":"open","sticky":false,"template":"","format":"standard","meta":{"twitterCardType":"","cardImageID":0,"cardImage":"","cardTitle":"","cardDesc":"","cardImageAlt":"","cardPlayer":"","cardPlayerWidth":0,"cardPlayerHeight":0,"cardPlayerStream":"","cardPlayerCodec":"","footnotes":""},"categories":[11],"tags":[30],"class_list":["post-6221","post","type-post","status-publish","format-standard","hentry","category-politique-locale","tag-corrompu"],"_links":{"self":[{"href":"https:\/\/www.ades-grenoble.org\/wordpress\/wp-json\/wp\/v2\/posts\/6221","targetHints":{"allow":["GET"]}}],"collection":[{"href":"https:\/\/www.ades-grenoble.org\/wordpress\/wp-json\/wp\/v2\/posts"}],"about":[{"href":"https:\/\/www.ades-grenoble.org\/wordpress\/wp-json\/wp\/v2\/types\/post"}],"author":[{"embeddable":true,"href":"https:\/\/www.ades-grenoble.org\/wordpress\/wp-json\/wp\/v2\/users\/1"}],"replies":[{"embeddable":true,"href":"https:\/\/www.ades-grenoble.org\/wordpress\/wp-json\/wp\/v2\/comments?post=6221"}],"version-history":[{"count":1,"href":"https:\/\/www.ades-grenoble.org\/wordpress\/wp-json\/wp\/v2\/posts\/6221\/revisions"}],"predecessor-version":[{"id":6222,"href":"https:\/\/www.ades-grenoble.org\/wordpress\/wp-json\/wp\/v2\/posts\/6221\/revisions\/6222"}],"wp:attachment":[{"href":"https:\/\/www.ades-grenoble.org\/wordpress\/wp-json\/wp\/v2\/media?parent=6221"}],"wp:term":[{"taxonomy":"category","embeddable":true,"href":"https:\/\/www.ades-grenoble.org\/wordpress\/wp-json\/wp\/v2\/categories?post=6221"},{"taxonomy":"post_tag","embeddable":true,"href":"https:\/\/www.ades-grenoble.org\/wordpress\/wp-json\/wp\/v2\/tags?post=6221"}],"curies":[{"name":"wp","href":"https:\/\/api.w.org\/{rel}","templated":true}]}}