{"id":6223,"date":"2012-10-13T13:18:35","date_gmt":"2012-10-13T11:18:35","guid":{"rendered":"http:\/\/www.ades-grenoble.org\/wordpress\/?p=6223"},"modified":"2012-10-13T13:20:18","modified_gmt":"2012-10-13T11:20:18","slug":"la-bassesse-subventionnee-par-largent-public","status":"publish","type":"post","link":"https:\/\/www.ades-grenoble.org\/wordpress\/2012\/10\/13\/la-bassesse-subventionnee-par-largent-public\/","title":{"rendered":"La bassesse subventionn\u00e9e par l&rsquo;argent public"},"content":{"rendered":"<p>Claude Jacquier est sp\u00e9cialiste de la politique de la ville, directeur de recherche au CNRS. Il a r\u00e9cemment fait valoir ses droits \u00e0 la retraite mais n\u2019en poursuit pas moins des activit\u00e9s qui lui tiennent particuli\u00e8rement \u00e0 c\u0153ur, comme la pr\u00e9sidence et la direction (BENEVOLES) de l\u2019ODTI (Observatoire des Discriminations et des Territoires Interculturels), association cr\u00e9\u00e9e par Hubert Dubedout. <a href=\"http:\/\/www.ades-grenoble.org\/wordpress\/2012\/10\/13\/sahiri-mais-ca-suffit\/\">Contrairement \u00e0 d\u2019autres que nous d\u00e9non\u00e7ons par ailleurs<\/a>, Cl. Jacquier n\u2019est pas un expert estampill\u00e9 des m\u00e9dias nationaux, loin s\u2019en faut, mais c\u2019est pourtant vers lui qu\u2019ils se sont tourn\u00e9s \u00e0 l\u2019occasion du <a href=\"http:\/\/www.ades-grenoble.org\/wordpress\/2012\/10\/06\/hommage-a-la-dignite-et-au-courage\/\">drame d\u2019Echirolles<\/a>. Personne n\u2019est oblig\u00e9 de partager son point vue, mais c\u2019est son analyse que les m\u00e9dias ont recueillie.<\/p>\n<p>J\u00e9r\u00f4me Safar lui, est conseiller municipal depuis deux mandats, actuellement 1er adjoint charg\u00e9 des finances, de la politique de la ville, de la pr\u00e9vention, de la s\u00e9curit\u00e9\u2026 et occupe \u00e0 ce titre, pour n\u2019en citer que quelques unes, les fonctions de pr\u00e9sident de GEG (Grenoble Gaz Electricit\u00e9), vice pr\u00e9sident de la M\u00e9tro et au surplus \u00e9lu r\u00e9gional, pr\u00e9sident du groupe des \u00e9lus socialistes au Conseil r\u00e9gional\u2026 Bref\u00a0! Un couteau suisse fait homme. <a href=\"http:\/\/www.citylocalnews.com\/actualite\/2012\/10\/10\/ici-c-est-le-texas\" target=\"_blank\">Revenant sur le drame d\u2019Echirolles dans le gratuit \u00ab\u00a0GRE city localNews\u00a0\u00bb<\/a> il explique : \u00ab\u00a0<em>Avec ce drame, le r\u00e8glement de compte de la Lib\u00e9ration\u2026 c\u2019est deux ans de boulot qui sont balay\u00e9s en quelques semaines\u2026<\/em>\u00a0\u00bb De quel boulot parle-t-il\u00a0? Du sien\u00a0? Si c\u2019\u00e9tait le cas cela se saurait. Puis au sommet de son art, il d\u00e9clare \u00ab<em>\u00a0condamner sans r\u00e9serve les propos tenus par le pr\u00e9sident de l\u2019ODTI<\/em> [nous y voil\u00e0\u00a0: ndlr], <em>sp\u00e9cialiste de tout et surtout de n\u2019importe quoi, qui n\u2019a jamais trouv\u00e9 une solution, vit des subventions et profite des fais divers pour sa gloriole personnelle<\/em>\u00a0\u00bb. Voil\u00e0 comment J. Safar en croyant parler de Cl. Jacquier, parle en r\u00e9alit\u00e9 de lui-m\u00eame.<\/p>\n<p><!--more-->Car d\u2019o\u00f9 parle-t-il, que conna\u00eet-il de la vraie vie, de celle que connaissent par exemple les personnes h\u00e9berg\u00e9es \u00e0 l\u2019ODTI, celles qui vivent les difficult\u00e9s du quotidien\u00a0? Rien, strictement rien. Cet enfant g\u00e2t\u00e9 con\u00e7oit la politique comme un m\u00e9tier, une carri\u00e8re, la sienne est de ce point de vue, exemplaire\u00a0: de l\u2019universit\u00e9 aux mandats en passant par les cabinets\u00a0, c\u2019est ainsi qu\u2019il a v\u00e9cu de l\u2019argent public, celui du contribuable donc du n\u00f4tre. Il tient les m\u00eames propos que la droite (rien d\u2019\u00e9tonnant \u00e0 ce qu\u2019il ait constitu\u00e9 une majorit\u00e9 municipale avec les proches de l\u2019ancien maire corrompu), et comme pour l\u2019extr\u00eame-droite l\u2019injure est une de ses marques de fabrique. Mais apr\u00e8s avoir copieusement \u00e9reint\u00e9 ses interlocuteurs il pousse la perversit\u00e9 jusqu\u2019\u00e0 affirmer que l\u2019image de Grenoble\u00a0sera reconstruite \u00ab\u00a0<em>collectivement, petit \u00e0 petit\u2026 ce que l\u2019on fait, ce que l\u2019on va faire<\/em>\u00a0\u00bb. La reconstruction de l\u2019image de Grenoble, \u00e0 supposer que ce soit le probl\u00e8me, se fera de toute fa\u00e7on sans lui qui, en tenant ces propos injurieux, vient de la d\u00e9grader \u00e0 un niveau d\u2019indignit\u00e9\u00a0rarement atteint.<\/p>\n<p>A propos, qu\u2019en pense le maire, lui qui choisira son \u00e9ventuel successeur ?<\/p>\n","protected":false},"excerpt":{"rendered":"<p>Claude Jacquier est sp\u00e9cialiste de la politique de la ville, directeur de recherche au CNRS. Il a r\u00e9cemment fait valoir ses droits \u00e0 la retraite mais n\u2019en poursuit pas moins des activit\u00e9s qui lui tiennent particuli\u00e8rement \u00e0 c\u0153ur, comme la pr\u00e9sidence et la direction (BENEVOLES) de l\u2019ODTI (Observatoire des Discriminations et des Territoires Interculturels), association [&hellip;]<\/p>\n","protected":false},"author":1,"featured_media":0,"comment_status":"closed","ping_status":"open","sticky":false,"template":"","format":"standard","meta":{"twitterCardType":"","cardImageID":0,"cardImage":"","cardTitle":"","cardDesc":"","cardImageAlt":"","cardPlayer":"","cardPlayerWidth":0,"cardPlayerHeight":0,"cardPlayerStream":"","cardPlayerCodec":"","footnotes":""},"categories":[11],"tags":[72,54],"class_list":["post-6223","post","type-post","status-publish","format-standard","hentry","category-politique-locale","tag-cumuls-de-mandats","tag-politique-droite-gauche"],"_links":{"self":[{"href":"https:\/\/www.ades-grenoble.org\/wordpress\/wp-json\/wp\/v2\/posts\/6223","targetHints":{"allow":["GET"]}}],"collection":[{"href":"https:\/\/www.ades-grenoble.org\/wordpress\/wp-json\/wp\/v2\/posts"}],"about":[{"href":"https:\/\/www.ades-grenoble.org\/wordpress\/wp-json\/wp\/v2\/types\/post"}],"author":[{"embeddable":true,"href":"https:\/\/www.ades-grenoble.org\/wordpress\/wp-json\/wp\/v2\/users\/1"}],"replies":[{"embeddable":true,"href":"https:\/\/www.ades-grenoble.org\/wordpress\/wp-json\/wp\/v2\/comments?post=6223"}],"version-history":[{"count":4,"href":"https:\/\/www.ades-grenoble.org\/wordpress\/wp-json\/wp\/v2\/posts\/6223\/revisions"}],"predecessor-version":[{"id":6226,"href":"https:\/\/www.ades-grenoble.org\/wordpress\/wp-json\/wp\/v2\/posts\/6223\/revisions\/6226"}],"wp:attachment":[{"href":"https:\/\/www.ades-grenoble.org\/wordpress\/wp-json\/wp\/v2\/media?parent=6223"}],"wp:term":[{"taxonomy":"category","embeddable":true,"href":"https:\/\/www.ades-grenoble.org\/wordpress\/wp-json\/wp\/v2\/categories?post=6223"},{"taxonomy":"post_tag","embeddable":true,"href":"https:\/\/www.ades-grenoble.org\/wordpress\/wp-json\/wp\/v2\/tags?post=6223"}],"curies":[{"name":"wp","href":"https:\/\/api.w.org\/{rel}","templated":true}]}}