{"id":6268,"date":"2012-10-26T20:54:55","date_gmt":"2012-10-26T18:54:55","guid":{"rendered":"http:\/\/www.ades-grenoble.org\/wordpress\/?p=6268"},"modified":"2012-10-26T21:01:53","modified_gmt":"2012-10-26T19:01:53","slug":"echec-de-la-fete-de-la-demolition-a-la-villeneuve","status":"publish","type":"post","link":"https:\/\/www.ades-grenoble.org\/wordpress\/2012\/10\/26\/echec-de-la-fete-de-la-demolition-a-la-villeneuve\/","title":{"rendered":"Echec de la f\u00eate de la d\u00e9molition \u00e0 la Villeneuve"},"content":{"rendered":"<div id=\"attachment_5399\" style=\"width: 160px\" class=\"wp-caption alignleft\"><img loading=\"lazy\" decoding=\"async\" aria-describedby=\"caption-attachment-5399\" class=\"size-thumbnail wp-image-5399\" title=\"50Arlequin\" src=\"http:\/\/www.ades-grenoble.org\/wordpress\/wp-content\/uploads\/2012\/03\/50Arlequin-150x100.jpg\" alt=\"\" width=\"150\" height=\"100\" srcset=\"https:\/\/www.ades-grenoble.org\/wordpress\/wp-content\/uploads\/2012\/03\/50Arlequin-150x100.jpg 150w, https:\/\/www.ades-grenoble.org\/wordpress\/wp-content\/uploads\/2012\/03\/50Arlequin.jpg 300w\" sizes=\"auto, (max-width: 150px) 100vw, 150px\" \/><p id=\"caption-attachment-5399\" class=\"wp-caption-text\">Tous droits r\u00e9serv\u00e9s (photo GK)<\/p><\/div>\n<p>La majorit\u00e9 municipale, le maire en t\u00eate avec le haut du gratin des \u00e9lus, ont voulu lancer une op\u00e9ration de communication pour f\u00eater le d\u00e9but de la d\u00e9molition des silos et celle du 50 Galerie de l\u2019Arlequin.<\/p>\n<p>Pour vouloir bien enfoncer le clou et d\u00e9montrer que les habitants suivaient la majorit\u00e9 municipale, ils organisaient la f\u00eate (musique, animations, petits fours\u2026) \u00e0 l\u2019entr\u00e9e m\u00eame de l\u2019immeuble qu\u2019ils veulent d\u00e9molir. L\u2019affaire a \u00e9t\u00e9 un fiasco complet et les membres des services de la ville essayaient vainement de donner les petits fours et les boissons aux quelques habitants (en majorit\u00e9 des opposants) qui passaient par l\u00e0. Pourtant ils y avaient mis les moyens pour en faire l\u2019annonce.<\/p>\n<p>Les habitants ont vot\u00e9 avec leurs pieds et certains ont m\u00eame h\u00e9sit\u00e9 \u00e0 venir avec un cercueil\u00a0!<\/p>\n<p>Cet \u00e9chec des tenants de la d\u00e9molition a renforc\u00e9 le moral du collectif Vivre \u00e0 Villeneuve qui pr\u00e9pare des ateliers populaires d\u2019urbanisme, afin de d\u00e9montrer les capacit\u00e9s des habitants \u00e0 faire des propositions d\u2019un autre niveau que celle d\u2019\u00e9lus et d\u2019un architecte parisien coup\u00e9s des r\u00e9alit\u00e9s du terrain. <a href=\"http:\/\/vivrealavilleneuve.wordpress.com\" target=\"_blank\">Pour les contacter, allez voir leur site.<\/a><\/p>\n","protected":false},"excerpt":{"rendered":"<p>La majorit\u00e9 municipale, le maire en t\u00eate avec le haut du gratin des \u00e9lus, ont voulu lancer une op\u00e9ration de communication pour f\u00eater le d\u00e9but de la d\u00e9molition des silos et celle du 50 Galerie de l\u2019Arlequin. Pour vouloir bien enfoncer le clou et d\u00e9montrer que les habitants suivaient la majorit\u00e9 municipale, ils organisaient la [&hellip;]<\/p>\n","protected":false},"author":1,"featured_media":0,"comment_status":"closed","ping_status":"open","sticky":false,"template":"","format":"standard","meta":{"twitterCardType":"","cardImageID":0,"cardImage":"","cardTitle":"","cardDesc":"","cardImageAlt":"","cardPlayer":"","cardPlayerWidth":0,"cardPlayerHeight":0,"cardPlayerStream":"","cardPlayerCodec":"","footnotes":""},"categories":[11],"tags":[65,82],"class_list":["post-6268","post","type-post","status-publish","format-standard","hentry","category-politique-locale","tag-urbanisme","tag-villeneuve"],"_links":{"self":[{"href":"https:\/\/www.ades-grenoble.org\/wordpress\/wp-json\/wp\/v2\/posts\/6268","targetHints":{"allow":["GET"]}}],"collection":[{"href":"https:\/\/www.ades-grenoble.org\/wordpress\/wp-json\/wp\/v2\/posts"}],"about":[{"href":"https:\/\/www.ades-grenoble.org\/wordpress\/wp-json\/wp\/v2\/types\/post"}],"author":[{"embeddable":true,"href":"https:\/\/www.ades-grenoble.org\/wordpress\/wp-json\/wp\/v2\/users\/1"}],"replies":[{"embeddable":true,"href":"https:\/\/www.ades-grenoble.org\/wordpress\/wp-json\/wp\/v2\/comments?post=6268"}],"version-history":[{"count":3,"href":"https:\/\/www.ades-grenoble.org\/wordpress\/wp-json\/wp\/v2\/posts\/6268\/revisions"}],"predecessor-version":[{"id":6274,"href":"https:\/\/www.ades-grenoble.org\/wordpress\/wp-json\/wp\/v2\/posts\/6268\/revisions\/6274"}],"wp:attachment":[{"href":"https:\/\/www.ades-grenoble.org\/wordpress\/wp-json\/wp\/v2\/media?parent=6268"}],"wp:term":[{"taxonomy":"category","embeddable":true,"href":"https:\/\/www.ades-grenoble.org\/wordpress\/wp-json\/wp\/v2\/categories?post=6268"},{"taxonomy":"post_tag","embeddable":true,"href":"https:\/\/www.ades-grenoble.org\/wordpress\/wp-json\/wp\/v2\/tags?post=6268"}],"curies":[{"name":"wp","href":"https:\/\/api.w.org\/{rel}","templated":true}]}}