{"id":6271,"date":"2012-10-26T21:01:24","date_gmt":"2012-10-26T19:01:24","guid":{"rendered":"http:\/\/www.ades-grenoble.org\/wordpress\/?p=6271"},"modified":"2012-10-26T21:01:24","modified_gmt":"2012-10-26T19:01:24","slug":"manger-malin-cest-manger-danone","status":"publish","type":"post","link":"https:\/\/www.ades-grenoble.org\/wordpress\/2012\/10\/26\/manger-malin-cest-manger-danone\/","title":{"rendered":"Manger malin, c\u2019est manger Danone !"},"content":{"rendered":"<div id=\"attachment_5375\" style=\"width: 110px\" class=\"wp-caption alignleft\"><img loading=\"lazy\" decoding=\"async\" aria-describedby=\"caption-attachment-5375\" class=\"size-thumbnail wp-image-5375\" title=\"petit-pot\" src=\"http:\/\/www.ades-grenoble.org\/wordpress\/wp-content\/uploads\/2012\/03\/petit-pot-100x150.jpg\" alt=\"\" width=\"100\" height=\"150\" srcset=\"https:\/\/www.ades-grenoble.org\/wordpress\/wp-content\/uploads\/2012\/03\/petit-pot-100x150.jpg 100w, https:\/\/www.ades-grenoble.org\/wordpress\/wp-content\/uploads\/2012\/03\/petit-pot.jpg 140w\" sizes=\"auto, (max-width: 100px) 100vw, 100px\" \/><p id=\"caption-attachment-5375\" class=\"wp-caption-text\">Tous droits r\u00e9serv\u00e9s (photo DR)<\/p><\/div>\n<p>On peut dire que le Vice-pr\u00e9sident du CCAS, Olivier Noblecourt est sourd comme un petit pot de Danone. Il ne peut pas entendre les critiques qui lui sont faites sur l\u2019op\u00e9ration \u00ab\u00a0Manger malin pour bien grandir\u00a0\u00bb. <a href=\"http:\/\/www.grenoble-ecologie-solidarite.fr\/grenoble2008\/spip.php?article1448\" target=\"_blank\">Les \u00e9lus du groupe \u00ab\u00a0Ecologie et Solidarit\u00e9\u00a0\u00bb ont d\u00e9nonc\u00e9 l\u2019op\u00e9ration cach\u00e9e de marketing au profit d\u2019un grand groupe agroalimentaire<\/a> tr\u00e8s content de distribuer \u00e0 prix coutant ses produits, \u00e0 travers le CCAS, ce qui \u00e0 terme fid\u00e9lisera une client\u00e8le. Ce n\u2019est pas au service public de faire ainsi le marchepied \u00e0 un tel groupe priv\u00e9.<\/p>\n<p>Pour essayer de contrer les remarques du groupe \u00ab\u00a0Ecologie et Solidarit\u00e9\u00a0\u00bb, le Vice- pr\u00e9sident pr\u00e9tend, sans rire, car il se f\u00e2che, que Danone n\u2019appara\u00eet publiquement nulle part dans cette op\u00e9ration. Pourtant les petits pots offerts au prix coutant par Danone portent bien les \u00e9tiquettes de Bl\u00e9dina qui est une marque bien connue de Danone. Donc la promotion des produits existe clairement. En plus d\u2019\u00eatre sourd, le Vice pr\u00e9sident a la vue qui baisse.<\/p>\n","protected":false},"excerpt":{"rendered":"<p>On peut dire que le Vice-pr\u00e9sident du CCAS, Olivier Noblecourt est sourd comme un petit pot de Danone. Il ne peut pas entendre les critiques qui lui sont faites sur l\u2019op\u00e9ration \u00ab\u00a0Manger malin pour bien grandir\u00a0\u00bb. Les \u00e9lus du groupe \u00ab\u00a0Ecologie et Solidarit\u00e9\u00a0\u00bb ont d\u00e9nonc\u00e9 l\u2019op\u00e9ration cach\u00e9e de marketing au profit d\u2019un grand groupe agroalimentaire [&hellip;]<\/p>\n","protected":false},"author":1,"featured_media":0,"comment_status":"closed","ping_status":"open","sticky":false,"template":"","format":"standard","meta":{"twitterCardType":"","cardImageID":0,"cardImage":"","cardTitle":"","cardDesc":"","cardImageAlt":"","cardPlayer":"","cardPlayerWidth":0,"cardPlayerHeight":0,"cardPlayerStream":"","cardPlayerCodec":"","footnotes":""},"categories":[11],"tags":[33],"class_list":["post-6271","post","type-post","status-publish","format-standard","hentry","category-politique-locale","tag-social"],"_links":{"self":[{"href":"https:\/\/www.ades-grenoble.org\/wordpress\/wp-json\/wp\/v2\/posts\/6271","targetHints":{"allow":["GET"]}}],"collection":[{"href":"https:\/\/www.ades-grenoble.org\/wordpress\/wp-json\/wp\/v2\/posts"}],"about":[{"href":"https:\/\/www.ades-grenoble.org\/wordpress\/wp-json\/wp\/v2\/types\/post"}],"author":[{"embeddable":true,"href":"https:\/\/www.ades-grenoble.org\/wordpress\/wp-json\/wp\/v2\/users\/1"}],"replies":[{"embeddable":true,"href":"https:\/\/www.ades-grenoble.org\/wordpress\/wp-json\/wp\/v2\/comments?post=6271"}],"version-history":[{"count":2,"href":"https:\/\/www.ades-grenoble.org\/wordpress\/wp-json\/wp\/v2\/posts\/6271\/revisions"}],"predecessor-version":[{"id":6273,"href":"https:\/\/www.ades-grenoble.org\/wordpress\/wp-json\/wp\/v2\/posts\/6271\/revisions\/6273"}],"wp:attachment":[{"href":"https:\/\/www.ades-grenoble.org\/wordpress\/wp-json\/wp\/v2\/media?parent=6271"}],"wp:term":[{"taxonomy":"category","embeddable":true,"href":"https:\/\/www.ades-grenoble.org\/wordpress\/wp-json\/wp\/v2\/categories?post=6271"},{"taxonomy":"post_tag","embeddable":true,"href":"https:\/\/www.ades-grenoble.org\/wordpress\/wp-json\/wp\/v2\/tags?post=6271"}],"curies":[{"name":"wp","href":"https:\/\/api.w.org\/{rel}","templated":true}]}}