{"id":6278,"date":"2012-10-26T21:31:50","date_gmt":"2012-10-26T19:31:50","guid":{"rendered":"http:\/\/www.ades-grenoble.org\/wordpress\/?p=6278"},"modified":"2012-10-26T21:31:50","modified_gmt":"2012-10-26T19:31:50","slug":"conseil-municipal-du-22-octobre-2012-le-courant-passe-avec-le-prive","status":"publish","type":"post","link":"https:\/\/www.ades-grenoble.org\/wordpress\/2012\/10\/26\/conseil-municipal-du-22-octobre-2012-le-courant-passe-avec-le-prive\/","title":{"rendered":"Conseil municipal du 22 octobre 2012 : le courant passe avec le priv\u00e9"},"content":{"rendered":"<p>Lors des conseils municipaux, parfois nous assistons \u00e0 des d\u00e9bats de qualit\u00e9, arguments contre arguments, mais malheureusement trop souvent le maire qui est ma\u00eetre des d\u00e9bats et sa majorit\u00e9 municipale d\u00e9naturent la discussion par des affirmations p\u00e9remptoires qui ne sont \u00e9tay\u00e9es en rien. L\u2019exemple du d\u00e9bat sur le service public municipal du gaz et de l\u2019\u00e9lectricit\u00e9 et son concessionnaire la SEM GEG est de ce point de vue caricatural.<\/p>\n<p>Voila une d\u00e9cision qui engage la Ville et les usagers des services publics du gaz et de l\u2019\u00e9lectricit\u00e9 jusqu\u2019en 2042, qui est prise sans aucune concertation avec les habitants et sans aucun d\u00e9bat public. Cela se passe \u00e0 peu pr\u00e8s de la m\u00eame mani\u00e8re que pour la privatisation de l\u2019eau en juillet 1989 par le maire corrompu.<\/p>\n<p>On ne sait toujours pas pourquoi le conseil municipal devait voter en catastrophe la concession du gaz et de l\u2019\u00e9lectricit\u00e9 \u00e0 GEG jusqu\u2019en 2042. Il n\u2019existe aucune raison objective de pr\u00e9cipiter cette d\u00e9cision, le contrat actuel -pass\u00e9 irr\u00e9guli\u00e8rement par MM. Carignon et Gascon- prenant fin en avril 2016. Visiblement la majorit\u00e9 municipale qui ne voulait prendre aucun risque lors de l\u2019\u00e9lection de 2014, maintient son dialogue avec le groupe GDF- Suez (Lyonnaise des Eaux) introduit dans ce service public en 1986 par le maire corrompu.<\/p>\n<p><!--more-->Il est tout \u00e0 fait regrettable que le 1er adjoint se permette des interventions mensong\u00e8res qui visent \u00e0 tromper les citoyens sur un dossier de cette importance. De plus il n\u2019a pas h\u00e9sit\u00e9 au cours de ce Conseil Municipal \u00e0 m\u00e9langer les genres, d\u00e9fendant une d\u00e9lib\u00e9ration qui conc\u00e8de un service \u00e0 une soci\u00e9t\u00e9 qu\u2019il pr\u00e9side et \u00e0 qui va profiter de la d\u00e9cision. C\u2019est ce qui s\u2019appelle \u00eatre juge et partie. Voil\u00e0 ce qui arrive quand les \u00e9lus de cette majorit\u00e9 sont depuis trop longtemps aux affaires, cumulent les mandats : ils finissent par s\u2019affranchir des r\u00e8gles \u00e9l\u00e9mentaires de la gestion publique.<\/p>\n<p>L\u2019honneur de la gestion publique n\u2019est-il pas d\u2019offrir aux usagers, le meilleur service au meilleur co\u00fbt\u00a0? Pourquoi refuser de prendre en compte tous les arguments, les pour et les contre ? C\u2019est cela le vrai d\u00e9bat public. Les Grenoblois en ont \u00e9t\u00e9 priv\u00e9s, par une majorit\u00e9 municipale incapable de soutenir ce d\u00e9bat, et qui fonde le maintien d\u2019une SEM (Soci\u00e9t\u00e9 d\u2019Economie Mixte) et son refus d\u2019un retour en r\u00e9gie publique sur une absence d\u2019explication, voir sur le mensonge.<\/p>\n<p>En effet, les arguments du maire, de sa majorit\u00e9 et\u00a0de la droite pour refuser le d\u00e9bat sur le retour en r\u00e9gie publique ont \u00e9t\u00e9 les suivants, ass\u00e9n\u00e9s sans aucun d\u00e9but d\u2019explication\u00a0:<\/p>\n<ul>\n<li>L\u2019\u00e9clairage public ne peut pas \u00eatre assur\u00e9 par le gestionnaire du service de distribution de l\u2019\u00e9lectricit\u00e9. Faux\u00a0!<\/li>\n<li>Le retour en r\u00e9gie co\u00fbterait tr\u00e8s cher \u00e0 la Ville ou aux usagers du service. Faux\u00a0!<\/li>\n<li>Le retour en r\u00e9gie emp\u00eacherait d\u2019aller sur le march\u00e9 concurrentiel du gaz et de l\u2019\u00e9lectricit\u00e9. Faux\u00a0!<\/li>\n<li>Le retour en r\u00e9gie poserait des probl\u00e8mes au personnel de GEG. Faux\u00a0!<\/li>\n<\/ul>\n<p>La majorit\u00e9 municipale est d\u2019un dogmatisme politique absolu sur la d\u00e9fense bec et ongles de la privatisation des services publics et de la \u00ab\u00a0soci\u00e9t\u00e9 d\u2019\u00e9conomie mixte\u00a0\u00bb avec le priv\u00e9.<\/p>\n<p>Pour le prouver, <a href=\"http:\/\/www.ades-grenoble.org\/wordpress\/2012\/10\/26\/dossier-geg-le-retour-en-regie-publique-etait-possible-et-souhaitable\/\">L\u2019ADES a r\u00e9alis\u00e9 un dossier d\u00e9taill\u00e9 sur les questions pos\u00e9es par un retour en r\u00e9gie publique<\/a>, qui d\u00e9montre que c\u2019est une bien meilleure solution que celle impos\u00e9e sans d\u00e9bat le 22 octobre 2012 par la majorit\u00e9 municipale. En r\u00e9sum\u00e9, la r\u00e9gie \u00e0 personnalit\u00e9 morale et autonomie financi\u00e8re reprend la gestion des services publics du gaz et de l\u2019\u00e9lectricit\u00e9 et g\u00e8re sous convention avec la Ville l\u2019\u00e9clairage public, reprenant ainsi l\u2019ensemble du personnel de GEG affect\u00e9 \u00e0 ces t\u00e2ches et sans changement de statut, contrairement \u00e0 ce qu\u2019on veut lui faire croire. Enfin, la r\u00e9gie prend \u00e0 sa charge des actions de la Ville dans la SEM GEG qui continue \u00e0 g\u00e9rer ses filiales comme avant.<\/p>\n<h3>Les mensonges de la majorit\u00e9 municipale de M. Destot pour d\u00e9fendre la privatisation<\/h3>\n<p>Le pr\u00e9sident de la SEM GEG s\u2019est permis d\u2019avancer en conseil municipal que les \u00e9luEs \u00e9cologistes n\u2019avaient jamais demand\u00e9 en conseil municipal le retour en r\u00e9gie du gaz et de l\u2019\u00e9lectricit\u00e9 entre les ann\u00e9es 1995 et 2008. J. Safar affirme m\u00eame qu\u2019il a cherch\u00e9 s\u00e9rieusement (sic) cette demande et qu\u2019il n\u2019a rien trouv\u00e9. C\u2019est \u00e9videmment un mensonge qui vise \u00e0 tromper. C\u2019est aussi une preuve d\u2019incomp\u00e9tence rare.<\/p>\n<p>Il suffit de rappeler seulement, par exemple, les interventions pour retrouver une r\u00e9gie publique du fait des irr\u00e9gularit\u00e9s de cette concession au priv\u00e9, comme <a href=\"http:\/\/www.ades-grenoble.org\/spip.php?article164\" target=\"_blank\">celle de Raymond Avrillier lors du conseil municipal du 20 janvier 2003<\/a> ou <a href=\"http:\/\/www.ades-grenoble.org\/spip.php?article795\" target=\"_blank\">Vincent Fristot lors du conseil municipal du 25 septembre 2006<\/a>, de <a href=\"http:\/\/www.ades-grenoble.org\/spip.php?article1028\" target=\"_blank\">Colette Fillion-Nicollet le 10 d\u00e9cembre 2007<\/a> pour notre groupe d\u2019\u00e9luEs&#8230; <em>(toutes les interventions des \u00e9lus \u00e9cologistes sont en ligne depuis 2001, et toutes celles de\u00a0 l&rsquo;ADES depuis 1997, voir dans notre rubrique \u00ab\u00a0liens\u00a0\u00bb)<\/em><\/p>\n<p>Il y a eu aussi plusieurs conf\u00e9rences de presse pour r\u00e9v\u00e9ler les nombreuses ill\u00e9galit\u00e9s entachant la privatisation de la r\u00e9gie municipale du gaz et de l\u2019\u00e9lectricit\u00e9 de Grenoble et le fonctionnement de la SEM GEG jusqu\u2019\u00e0 l\u2019arr\u00eat du Conseil d\u2019Etat du 31 juillet 2009, imposant de ne plus faire payer aux usagers l\u2019\u00e9clairage public dans leur facture d\u2019\u00e9lectricit\u00e9. Ce qui, malheureusement n\u2019a pas r\u00e9ellement cess\u00e9 en 2010 et ne cessera pas avec la nouvelle concession.<\/p>\n","protected":false},"excerpt":{"rendered":"<p>Lors des conseils municipaux, parfois nous assistons \u00e0 des d\u00e9bats de qualit\u00e9, arguments contre arguments, mais malheureusement trop souvent le maire qui est ma\u00eetre des d\u00e9bats et sa majorit\u00e9 municipale d\u00e9naturent la discussion par des affirmations p\u00e9remptoires qui ne sont \u00e9tay\u00e9es en rien. L\u2019exemple du d\u00e9bat sur le service public municipal du gaz et de [&hellip;]<\/p>\n","protected":false},"author":1,"featured_media":0,"comment_status":"closed","ping_status":"open","sticky":false,"template":"","format":"standard","meta":{"twitterCardType":"","cardImageID":0,"cardImage":"","cardTitle":"","cardDesc":"","cardImageAlt":"","cardPlayer":"","cardPlayerWidth":0,"cardPlayerHeight":0,"cardPlayerStream":"","cardPlayerCodec":"","footnotes":""},"categories":[11],"tags":[67,30,35,28,44],"class_list":["post-6278","post","type-post","status-publish","format-standard","hentry","category-politique-locale","tag-conseil-municipal","tag-corrompu","tag-democratie-locale","tag-geg","tag-services-publics"],"_links":{"self":[{"href":"https:\/\/www.ades-grenoble.org\/wordpress\/wp-json\/wp\/v2\/posts\/6278","targetHints":{"allow":["GET"]}}],"collection":[{"href":"https:\/\/www.ades-grenoble.org\/wordpress\/wp-json\/wp\/v2\/posts"}],"about":[{"href":"https:\/\/www.ades-grenoble.org\/wordpress\/wp-json\/wp\/v2\/types\/post"}],"author":[{"embeddable":true,"href":"https:\/\/www.ades-grenoble.org\/wordpress\/wp-json\/wp\/v2\/users\/1"}],"replies":[{"embeddable":true,"href":"https:\/\/www.ades-grenoble.org\/wordpress\/wp-json\/wp\/v2\/comments?post=6278"}],"version-history":[{"count":2,"href":"https:\/\/www.ades-grenoble.org\/wordpress\/wp-json\/wp\/v2\/posts\/6278\/revisions"}],"predecessor-version":[{"id":6280,"href":"https:\/\/www.ades-grenoble.org\/wordpress\/wp-json\/wp\/v2\/posts\/6278\/revisions\/6280"}],"wp:attachment":[{"href":"https:\/\/www.ades-grenoble.org\/wordpress\/wp-json\/wp\/v2\/media?parent=6278"}],"wp:term":[{"taxonomy":"category","embeddable":true,"href":"https:\/\/www.ades-grenoble.org\/wordpress\/wp-json\/wp\/v2\/categories?post=6278"},{"taxonomy":"post_tag","embeddable":true,"href":"https:\/\/www.ades-grenoble.org\/wordpress\/wp-json\/wp\/v2\/tags?post=6278"}],"curies":[{"name":"wp","href":"https:\/\/api.w.org\/{rel}","templated":true}]}}