{"id":6344,"date":"2012-11-16T22:05:10","date_gmt":"2012-11-16T20:05:10","guid":{"rendered":"http:\/\/www.ades-grenoble.org\/wordpress\/?p=6344"},"modified":"2012-11-16T22:05:10","modified_gmt":"2012-11-16T20:05:10","slug":"les-grandes-manoeuvres-de-la-droite-a-grenoble","status":"publish","type":"post","link":"https:\/\/www.ades-grenoble.org\/wordpress\/2012\/11\/16\/les-grandes-manoeuvres-de-la-droite-a-grenoble\/","title":{"rendered":"Les grandes man\u0153uvres de la droite \u00e0 Grenoble"},"content":{"rendered":"<p>Ces derni\u00e8res semaines ont vu une agitation fi\u00e9vreuse de la droite grenobloise qui se cherche en vue des municipales de 2014.<\/p>\n<p>Chaque jour entre le 8 et le 11 novembre, le quotidien r\u00e9gional a rapport\u00e9 les positions des diff\u00e9rents leaders de la droite grenobloise. La concurrence va \u00eatre f\u00e9roce pour savoir qui m\u00e8nera la liste. Pour l\u2019instant il n\u2019y a pas de femme, mais c\u2019est normal quand on connait la grande sensibilit\u00e9 de l\u2019UMP \u00e0 la parit\u00e9\u00a0!<\/p>\n<p>Le 8 novembre, A. Carignon d\u00e9marre la s\u00e9rie.<\/p>\n<p><!--more-->Il a tenu une r\u00e9union au Fontanil pour la composante \u00ab\u00a0la droite forte\u00a0\u00bb (tout un programme), qui pr\u00e9sente une motion au congr\u00e8s de l\u2019UMP du 18 novembre. Pour incarner cette droite bien \u00e0 droite, le corrompu s\u2019\u00e9tait tout naturellement entour\u00e9 de personnalit\u00e9s telles que\u00a0 Pierre Gascon (son 1er adjoint, initiateur de la privatisation de GEG), Guy Cabanel, Aziz Sahiri (son adjoint expert en d\u00e9linquance, condamn\u00e9 pour des faits de d\u00e9linquance) et J.Y Poirier le maire du Fontanil. Comme d\u2019habitude le corrompu ne ferme aucune porte en ce qui concerne son avenir politique.<\/p>\n<p>Le 9 novembre, G. Dumolard (ex pr\u00e9sident de la CCI) est gratifi\u00e9 d\u2019un nouvel article du journal pour annoncer sa r\u00e9union publique du 20 novembre. Il se d\u00e9sole que son lancement de campagne n\u2019ait fait r\u00e9agir personne, pas m\u00eame Chamussy\u00a0! Est-ce que cela annonce un bide\u00a0? G. Dumolard rappelle qu\u2019il est tr\u00e8s ami avec le maire M. Destot et avec G. Fioraso. Il persiste et signe sur la tr\u00e8s large ouverture de son initiative\u00a0: \u00ab\u00a0Je pense qu\u2019il faut se d\u00e9gager du clivage gauche\/droite. Et si des personnes du Front National ont des comp\u00e9tences, elles peuvent aussi nous rejoindre. Et pourquoi cela poserait probl\u00e8me\u00a0?\u00a0\u00bb\u00a0. Le quotidien rappelle que sur la future liste de Dumolard, figure Denis Bonzy.(ancien membre du cabinet du corrompu).<\/p>\n<p>Le 9 novembre toujours, c\u2019est au tour de M. Chamussy qui r\u00e9pond \u00e0 G. Dumolard\u00a0: \u00ab\u00a0 moi, je ne suis pas l\u2019ami de Michel Destot et je combats et je d\u00e9nonce sa politique n\u00e9faste pour notre ville.\u00a0\u00bb Et comme tous les autres il appelle au rassemblement.<\/p>\n<p>Le 10 novembre, le quotidien r\u00e9gional recueille cette fois la parole de Denis Bonzy qui s\u2019empresse de pr\u00e9ciser qu\u2019il n\u2019est plus \u00e0 l\u2019UMP. Il ne d\u00e9ment pas r\u00e9ellement sa participation \u00e0 l\u2019aventure de Dumolard\u00a0: \u00ab\u00a0Il est question de ma participation \u00e0 une liste municipale sur Grenoble. Ce sujet n\u2019est pas d\u2019actualit\u00e9\u2026\u00a0\u00bb. Il a cr\u00e9\u00e9 avec Jo\u00ebl de Leiris encore un ancien adjoint du maire corrompu, le \u00ab\u00a0Club 20 \u00e0 Grenoble\u00a0\u00bb qui pr\u00e9pare aussi les \u00e9ch\u00e9ances municipales.<\/p>\n<p>Comme si cela ne suffisait pas, le 11 novembre, c\u2019est le pr\u00e9sident de l\u2019UMP 38 qui monte au cr\u00e9neau. A propos de la candidature de Gilles Dumolard, il pr\u00e9cise\u00a0: \u00ab\u00a0Je consid\u00e8re qu\u2019il est bon de voir arriver de nouveaux candidats pour Grenoble\u2026 Gilles Dumolartd est un candidat d\u00e9clar\u00e9 et Mathieu Chamussy est un candidat implicite. Ils sont tous les deux \u00e0 l\u2019UMP\u2026 Je mettrais l\u2019organisation la plus efficace pour faire \u00e9merger le meilleur candidat \u00e0 droite pour le pr\u00e9senter au printemps 2013\u00a0\u00bb. Voil\u00e0 qui ne devrait pas plaire \u00e0 M. Chamussy.<\/p>\n","protected":false},"excerpt":{"rendered":"<p>Ces derni\u00e8res semaines ont vu une agitation fi\u00e9vreuse de la droite grenobloise qui se cherche en vue des municipales de 2014. Chaque jour entre le 8 et le 11 novembre, le quotidien r\u00e9gional a rapport\u00e9 les positions des diff\u00e9rents leaders de la droite grenobloise. La concurrence va \u00eatre f\u00e9roce pour savoir qui m\u00e8nera la liste. [&hellip;]<\/p>\n","protected":false},"author":1,"featured_media":0,"comment_status":"closed","ping_status":"open","sticky":false,"template":"","format":"standard","meta":{"twitterCardType":"","cardImageID":0,"cardImage":"","cardTitle":"","cardDesc":"","cardImageAlt":"","cardPlayer":"","cardPlayerWidth":0,"cardPlayerHeight":0,"cardPlayerStream":"","cardPlayerCodec":"","footnotes":""},"categories":[11],"tags":[29,30,109,115],"class_list":["post-6344","post","type-post","status-publish","format-standard","hentry","category-politique-locale","tag-carignon","tag-corrompu","tag-droite","tag-municipales-2014"],"_links":{"self":[{"href":"https:\/\/www.ades-grenoble.org\/wordpress\/wp-json\/wp\/v2\/posts\/6344","targetHints":{"allow":["GET"]}}],"collection":[{"href":"https:\/\/www.ades-grenoble.org\/wordpress\/wp-json\/wp\/v2\/posts"}],"about":[{"href":"https:\/\/www.ades-grenoble.org\/wordpress\/wp-json\/wp\/v2\/types\/post"}],"author":[{"embeddable":true,"href":"https:\/\/www.ades-grenoble.org\/wordpress\/wp-json\/wp\/v2\/users\/1"}],"replies":[{"embeddable":true,"href":"https:\/\/www.ades-grenoble.org\/wordpress\/wp-json\/wp\/v2\/comments?post=6344"}],"version-history":[{"count":3,"href":"https:\/\/www.ades-grenoble.org\/wordpress\/wp-json\/wp\/v2\/posts\/6344\/revisions"}],"predecessor-version":[{"id":6347,"href":"https:\/\/www.ades-grenoble.org\/wordpress\/wp-json\/wp\/v2\/posts\/6344\/revisions\/6347"}],"wp:attachment":[{"href":"https:\/\/www.ades-grenoble.org\/wordpress\/wp-json\/wp\/v2\/media?parent=6344"}],"wp:term":[{"taxonomy":"category","embeddable":true,"href":"https:\/\/www.ades-grenoble.org\/wordpress\/wp-json\/wp\/v2\/categories?post=6344"},{"taxonomy":"post_tag","embeddable":true,"href":"https:\/\/www.ades-grenoble.org\/wordpress\/wp-json\/wp\/v2\/tags?post=6344"}],"curies":[{"name":"wp","href":"https:\/\/api.w.org\/{rel}","templated":true}]}}