{"id":6431,"date":"2012-12-07T21:47:40","date_gmt":"2012-12-07T19:47:40","guid":{"rendered":"http:\/\/www.ades-grenoble.org\/wordpress\/?p=6431"},"modified":"2012-12-07T21:47:40","modified_gmt":"2012-12-07T19:47:40","slug":"ecole-des-buttes-ras-le-bol-des-parents","status":"publish","type":"post","link":"https:\/\/www.ades-grenoble.org\/wordpress\/2012\/12\/07\/ecole-des-buttes-ras-le-bol-des-parents\/","title":{"rendered":"Ecole des Buttes : ras le bol des parents !"},"content":{"rendered":"<p>Les parents d\u2019\u00e9l\u00e8ves expriment un \u00ab\u00a0ras le bol\u00a0\u00bb devant le manque de r\u00e9activit\u00e9 des responsables de la ville \u00e0 propos de l\u2019avenir de l\u2019\u00e9cole des Buttes qui a brul\u00e9 d\u00e9but juillet\u2026 Pourtant rien n\u2019est plus simple que de dire si l\u2019\u00e9cole sera reconstruite et quand. La lenteur est une marque n\u00e9gative de la gestion municipale actuelle pour ce qui touche \u00e0 la vie quotidienne, par contre pour les grands dossiers tout se r\u00e8gle tr\u00e8s vite (m\u00eame quand rien ne presse et parfois dans la pr\u00e9cipitation, <a href=\"http:\/\/www.ades-grenoble.org\/wordpress\/2012\/10\/26\/conseil-municipal-du-22-octobre-2012-le-courant-passe-avec-le-prive\/\">voir derni\u00e8rement le dossier GEG- Gaz Electricit\u00e9 de Grenoble<\/a>).<\/p>\n<p>L\u2019adjoint \u00e0 l\u2019\u00e9ducation va enfin rencontrer les parents le 13 d\u00e9cembre soit plus de 5 mois apr\u00e8s l\u2019incendie pour, souhaitons le, pr\u00e9ciser enfin ce que va \u00eatre l\u2019avenir de cette \u00e9cole\u2026 Des parents font signer la p\u00e9tition suivante qui sera remise aux \u00e9lus lors de cette r\u00e9union.<\/p>\n<p><!--more-->\u00ab\u00a0Non au pourrissement des \u00e9coles de la Villeneuve !<\/p>\n<p>\u00c0 la suite de l&rsquo;incendie qui a d\u00e9truit l&rsquo;\u00e9cole des Buttes le 7 juillet 2012, nous demandons :<\/p>\n<ul>\n<li>la reconstruction de l&rsquo;\u00e9cole des Buttes dans un d\u00e9lai de 2 ans ;<\/li>\n<li>une solution pour regrouper l&rsquo;\u00e9cole des Buttes dans un seul lieu, d\u00e8s septembre 2013 ;<\/li>\n<li>le rapport officiel sur les causes de l&rsquo;incendie ;<\/li>\n<li>un audit sur les autres \u00e9coles de la Villeneuve afin de v\u00e9rifier si elles ne risquent pas le m\u00eame sort que l&rsquo;\u00e9cole des Buttes.<\/li>\n<\/ul>\n<p>L&rsquo;urgence, c&rsquo;est de mettre des moyens dans la reconstruction de l&rsquo;\u00e9cole des Buttes, et dans les travaux de r\u00e9novation des autres \u00e9coles du secteur, plut\u00f4t que dans la d\u00e9molition de logements du quartier !\u00a0\u00bb<\/p>\n","protected":false},"excerpt":{"rendered":"<p>Les parents d\u2019\u00e9l\u00e8ves expriment un \u00ab\u00a0ras le bol\u00a0\u00bb devant le manque de r\u00e9activit\u00e9 des responsables de la ville \u00e0 propos de l\u2019avenir de l\u2019\u00e9cole des Buttes qui a brul\u00e9 d\u00e9but juillet\u2026 Pourtant rien n\u2019est plus simple que de dire si l\u2019\u00e9cole sera reconstruite et quand. La lenteur est une marque n\u00e9gative de la gestion municipale [&hellip;]<\/p>\n","protected":false},"author":1,"featured_media":0,"comment_status":"closed","ping_status":"open","sticky":false,"template":"","format":"standard","meta":{"twitterCardType":"","cardImageID":0,"cardImage":"","cardTitle":"","cardDesc":"","cardImageAlt":"","cardPlayer":"","cardPlayerWidth":0,"cardPlayerHeight":0,"cardPlayerStream":"","cardPlayerCodec":"","footnotes":""},"categories":[11],"tags":[40],"class_list":["post-6431","post","type-post","status-publish","format-standard","hentry","category-politique-locale","tag-education"],"_links":{"self":[{"href":"https:\/\/www.ades-grenoble.org\/wordpress\/wp-json\/wp\/v2\/posts\/6431","targetHints":{"allow":["GET"]}}],"collection":[{"href":"https:\/\/www.ades-grenoble.org\/wordpress\/wp-json\/wp\/v2\/posts"}],"about":[{"href":"https:\/\/www.ades-grenoble.org\/wordpress\/wp-json\/wp\/v2\/types\/post"}],"author":[{"embeddable":true,"href":"https:\/\/www.ades-grenoble.org\/wordpress\/wp-json\/wp\/v2\/users\/1"}],"replies":[{"embeddable":true,"href":"https:\/\/www.ades-grenoble.org\/wordpress\/wp-json\/wp\/v2\/comments?post=6431"}],"version-history":[{"count":2,"href":"https:\/\/www.ades-grenoble.org\/wordpress\/wp-json\/wp\/v2\/posts\/6431\/revisions"}],"predecessor-version":[{"id":6433,"href":"https:\/\/www.ades-grenoble.org\/wordpress\/wp-json\/wp\/v2\/posts\/6431\/revisions\/6433"}],"wp:attachment":[{"href":"https:\/\/www.ades-grenoble.org\/wordpress\/wp-json\/wp\/v2\/media?parent=6431"}],"wp:term":[{"taxonomy":"category","embeddable":true,"href":"https:\/\/www.ades-grenoble.org\/wordpress\/wp-json\/wp\/v2\/categories?post=6431"},{"taxonomy":"post_tag","embeddable":true,"href":"https:\/\/www.ades-grenoble.org\/wordpress\/wp-json\/wp\/v2\/tags?post=6431"}],"curies":[{"name":"wp","href":"https:\/\/api.w.org\/{rel}","templated":true}]}}