{"id":6434,"date":"2012-12-07T21:50:15","date_gmt":"2012-12-07T19:50:15","guid":{"rendered":"http:\/\/www.ades-grenoble.org\/wordpress\/?p=6434"},"modified":"2012-12-07T21:50:15","modified_gmt":"2012-12-07T19:50:15","slug":"municipales-le-mouvement-brownien-de-la-droite-grenobloise","status":"publish","type":"post","link":"https:\/\/www.ades-grenoble.org\/wordpress\/2012\/12\/07\/municipales-le-mouvement-brownien-de-la-droite-grenobloise\/","title":{"rendered":"Municipales : le mouvement brownien de la droite grenobloise"},"content":{"rendered":"<p>Les \u00e9lections municipales auront lieu en mars 2014 et d\u00e9j\u00e0 toute l\u2019\u00e9nergie des pr\u00e9tendants de droite \u00e0 devenir maire de Grenoble se perd en gesticulations pour \u00eatre les premiers sur la ligne de d\u00e9part. C\u2019est ainsi qu\u2019on a vu Chamussy, Dumolard puis Bonzy se d\u00e9clarer comme chef de file et d\u2019autres viendront.<\/p>\n<p>Il s\u2019agit effectivement d\u2019un pur mouvement brownien, comme celui des poussi\u00e8res dans la lumi\u00e8re qui s\u2019agitent au gr\u00e9 des chocs des mol\u00e9cules de l\u2019atmosph\u00e8re, les pr\u00e9tendants se laissent guider par les diverses agitations de la soci\u00e9t\u00e9 grenobloise sans fixer d\u2019 axes clairs pour une action publique r\u00e9pondant aux exigences de l\u2019avenir de Grenoble et de ses habitants.<\/p>\n<p>M. Chamussy, l\u2019homme seul, organise des r\u00e9unions dans la ville sans rappeler son appartenance \u00e0 l\u2019UMP, aurait-il honte\u00a0? Il veut \u00e9crire avec les habitants l\u2019avenir de Grenoble, c\u2019est tr\u00e8s bien, \u00e0 cette nuance pr\u00e8s que son appel se termine par la phrase suivante\u00a0: \u00ab\u00a0Je vous propose de consacrer un peu de temps \u00e0 la seule d\u00e9marche qui peut redonner \u00e0 Grenoble et \u00e0 ceux qui y vivent, l\u2019espoir d\u2019un progr\u00e8s. J\u2019esp\u00e8re pouvoir en discuter avec vous.\u00a0\u00bb Juste un conseil, si vraiment c\u2019est la seule d\u00e9marche qui vaille, alors il faut lui consacrer non pas un peu mais la totalit\u00e9 de son temps\u00a0!<\/p>\n","protected":false},"excerpt":{"rendered":"<p>Les \u00e9lections municipales auront lieu en mars 2014 et d\u00e9j\u00e0 toute l\u2019\u00e9nergie des pr\u00e9tendants de droite \u00e0 devenir maire de Grenoble se perd en gesticulations pour \u00eatre les premiers sur la ligne de d\u00e9part. C\u2019est ainsi qu\u2019on a vu Chamussy, Dumolard puis Bonzy se d\u00e9clarer comme chef de file et d\u2019autres viendront. Il s\u2019agit effectivement [&hellip;]<\/p>\n","protected":false},"author":1,"featured_media":0,"comment_status":"closed","ping_status":"open","sticky":false,"template":"","format":"standard","meta":{"twitterCardType":"","cardImageID":0,"cardImage":"","cardTitle":"","cardDesc":"","cardImageAlt":"","cardPlayer":"","cardPlayerWidth":0,"cardPlayerHeight":0,"cardPlayerStream":"","cardPlayerCodec":"","footnotes":""},"categories":[11],"tags":[109,115],"class_list":["post-6434","post","type-post","status-publish","format-standard","hentry","category-politique-locale","tag-droite","tag-municipales-2014"],"_links":{"self":[{"href":"https:\/\/www.ades-grenoble.org\/wordpress\/wp-json\/wp\/v2\/posts\/6434","targetHints":{"allow":["GET"]}}],"collection":[{"href":"https:\/\/www.ades-grenoble.org\/wordpress\/wp-json\/wp\/v2\/posts"}],"about":[{"href":"https:\/\/www.ades-grenoble.org\/wordpress\/wp-json\/wp\/v2\/types\/post"}],"author":[{"embeddable":true,"href":"https:\/\/www.ades-grenoble.org\/wordpress\/wp-json\/wp\/v2\/users\/1"}],"replies":[{"embeddable":true,"href":"https:\/\/www.ades-grenoble.org\/wordpress\/wp-json\/wp\/v2\/comments?post=6434"}],"version-history":[{"count":4,"href":"https:\/\/www.ades-grenoble.org\/wordpress\/wp-json\/wp\/v2\/posts\/6434\/revisions"}],"predecessor-version":[{"id":6439,"href":"https:\/\/www.ades-grenoble.org\/wordpress\/wp-json\/wp\/v2\/posts\/6434\/revisions\/6439"}],"wp:attachment":[{"href":"https:\/\/www.ades-grenoble.org\/wordpress\/wp-json\/wp\/v2\/media?parent=6434"}],"wp:term":[{"taxonomy":"category","embeddable":true,"href":"https:\/\/www.ades-grenoble.org\/wordpress\/wp-json\/wp\/v2\/categories?post=6434"},{"taxonomy":"post_tag","embeddable":true,"href":"https:\/\/www.ades-grenoble.org\/wordpress\/wp-json\/wp\/v2\/tags?post=6434"}],"curies":[{"name":"wp","href":"https:\/\/api.w.org\/{rel}","templated":true}]}}