{"id":6459,"date":"2012-12-14T22:23:25","date_gmt":"2012-12-14T20:23:25","guid":{"rendered":"http:\/\/www.ades-grenoble.org\/wordpress\/?p=6459"},"modified":"2012-12-17T18:27:57","modified_gmt":"2012-12-17T16:27:57","slug":"m-destot-est-il-encore-depute","status":"publish","type":"post","link":"https:\/\/www.ades-grenoble.org\/wordpress\/2012\/12\/14\/m-destot-est-il-encore-depute\/","title":{"rendered":"M. Destot est-il encore d\u00e9put\u00e9 ?"},"content":{"rendered":"<p>Un lecteur assidu nous signale que sur le site internet du PS national, M. Destot n\u2019est plus dans la liste des d\u00e9put\u00e9s appartenant \u00e0 la majorit\u00e9 pr\u00e9sidentielle\u00a0!<\/p>\n<div id=\"attachment_6462\" style=\"width: 624px\" class=\"wp-caption aligncenter\"><img loading=\"lazy\" decoding=\"async\" aria-describedby=\"caption-attachment-6462\" class=\" wp-image-6462 \" title=\"121211-deputes-ps38\" alt=\"\" src=\"http:\/\/www.ades-grenoble.org\/wordpress\/wp-content\/uploads\/2012\/12\/121211-deputes-ps38-1024x663.jpg\" width=\"614\" height=\"398\" srcset=\"https:\/\/www.ades-grenoble.org\/wordpress\/wp-content\/uploads\/2012\/12\/121211-deputes-ps38-1024x663.jpg 1024w, https:\/\/www.ades-grenoble.org\/wordpress\/wp-content\/uploads\/2012\/12\/121211-deputes-ps38-150x97.jpg 150w, https:\/\/www.ades-grenoble.org\/wordpress\/wp-content\/uploads\/2012\/12\/121211-deputes-ps38-300x194.jpg 300w, https:\/\/www.ades-grenoble.org\/wordpress\/wp-content\/uploads\/2012\/12\/121211-deputes-ps38.jpg 1186w\" sizes=\"auto, (max-width: 614px) 100vw, 614px\" \/><p id=\"caption-attachment-6462\" class=\"wp-caption-text\">Capture d&rsquo;\u00e9cran du 11\/12\/12 : liste des d\u00e9put\u00e9s du PS en Is\u00e8re d&rsquo;apr\u00e8s le site national<\/p><\/div>\n<p>Aurait-il quitt\u00e9 la majorit\u00e9 pr\u00e9sidentielle\u00a0? A-t-il d\u00e9missionn\u00e9 du PS\u00a0? La f\u00e9d\u00e9ration de l\u2019Is\u00e8re du PS ne le connait plus\u00a0!<\/p>\n<p>Le d\u00e9put\u00e9-maire a-t-il enfin r\u00e9gl\u00e9 son injustifiable cumul de mandats, en d\u00e9missionnant de son mandat de d\u00e9put\u00e9 ? Serait ce la peur du proc\u00e8s intent\u00e9 par Anticor\u00a0?<\/p>\n<p>Ou bien la r\u00e9alit\u00e9 serait-elle beaucoup moins belle\u00a0: comme du temps du stalinisme, o\u00f9 les personnalit\u00e9s qui n\u2019avaient plus la cote disparaissaient des photos officielles, ici le manque de travail parlementaire r\u00e9p\u00e9t\u00e9 de M. Destot \u00e0 l\u2019Assembl\u00e9e nationale l\u2019aurait fait rayer des listes car il n\u2019est plus pr\u00e9sentable.<\/p>\n<p><!--more--><\/p>\n<p>Le 16 d\u00e9cembre 2012, Michel Destot est toujours inconnu sur le site national du PS : les autres d\u00e9put\u00e9s sont non seulement cit\u00e9s, mais on une page d\u00e9di\u00e9e, sont soit dans un r\u00e9pertoire \u00ab\u00a0personne\u00a0\u00bb,\u00a0soit un r\u00e9pertoire \u00ab\u00a0elu\u00a0\u00bb, suivi du nom de l&rsquo;\u00e9lu ; or pour M. Destot aucune page plac\u00e9e dans ces r\u00e9pertoires n&rsquo;existe :<\/p>\n<div id=\"attachment_6499\" style=\"width: 785px\" class=\"wp-caption aligncenter\"><img loading=\"lazy\" decoding=\"async\" aria-describedby=\"caption-attachment-6499\" class=\"size-full wp-image-6499\" alt=\"121216-deputes-ps-pageDestot\" src=\"http:\/\/www.ades-grenoble.org\/wordpress\/wp-content\/uploads\/2012\/12\/121216-deputes-ps-pageDestot.jpg\" width=\"775\" height=\"352\" srcset=\"https:\/\/www.ades-grenoble.org\/wordpress\/wp-content\/uploads\/2012\/12\/121216-deputes-ps-pageDestot.jpg 775w, https:\/\/www.ades-grenoble.org\/wordpress\/wp-content\/uploads\/2012\/12\/121216-deputes-ps-pageDestot-150x68.jpg 150w, https:\/\/www.ades-grenoble.org\/wordpress\/wp-content\/uploads\/2012\/12\/121216-deputes-ps-pageDestot-300x136.jpg 300w\" sizes=\"auto, (max-width: 775px) 100vw, 775px\" \/><p id=\"caption-attachment-6499\" class=\"wp-caption-text\">Capture d&rsquo;\u00e9cran du 16\/12\/12 depuis le site national du PS<\/p><\/div>\n<div id=\"attachment_6500\" style=\"width: 743px\" class=\"wp-caption aligncenter\"><img loading=\"lazy\" decoding=\"async\" aria-describedby=\"caption-attachment-6500\" class=\"size-full wp-image-6500\" alt=\"121216-deputes-ps-pageDestot2\" src=\"http:\/\/www.ades-grenoble.org\/wordpress\/wp-content\/uploads\/2012\/12\/121216-deputes-ps-pageDestot2.jpg\" width=\"733\" height=\"445\" srcset=\"https:\/\/www.ades-grenoble.org\/wordpress\/wp-content\/uploads\/2012\/12\/121216-deputes-ps-pageDestot2.jpg 733w, https:\/\/www.ades-grenoble.org\/wordpress\/wp-content\/uploads\/2012\/12\/121216-deputes-ps-pageDestot2-150x91.jpg 150w, https:\/\/www.ades-grenoble.org\/wordpress\/wp-content\/uploads\/2012\/12\/121216-deputes-ps-pageDestot2-300x182.jpg 300w\" sizes=\"auto, (max-width: 733px) 100vw, 733px\" \/><p id=\"caption-attachment-6500\" class=\"wp-caption-text\">Capture d&rsquo;\u00e9cran du 16\/12\/12 depuis le site national du PS<\/p><\/div>\n","protected":false},"excerpt":{"rendered":"<p>Un lecteur assidu nous signale que sur le site internet du PS national, M. Destot n\u2019est plus dans la liste des d\u00e9put\u00e9s appartenant \u00e0 la majorit\u00e9 pr\u00e9sidentielle\u00a0! Aurait-il quitt\u00e9 la majorit\u00e9 pr\u00e9sidentielle\u00a0? A-t-il d\u00e9missionn\u00e9 du PS\u00a0? La f\u00e9d\u00e9ration de l\u2019Is\u00e8re du PS ne le connait plus\u00a0! Le d\u00e9put\u00e9-maire a-t-il enfin r\u00e9gl\u00e9 son injustifiable cumul de [&hellip;]<\/p>\n","protected":false},"author":1,"featured_media":0,"comment_status":"closed","ping_status":"open","sticky":false,"template":"","format":"standard","meta":{"twitterCardType":"","cardImageID":0,"cardImage":"","cardTitle":"","cardDesc":"","cardImageAlt":"","cardPlayer":"","cardPlayerWidth":0,"cardPlayerHeight":0,"cardPlayerStream":"","cardPlayerCodec":"","footnotes":""},"categories":[11],"tags":[72,74],"class_list":["post-6459","post","type-post","status-publish","format-standard","hentry","category-politique-locale","tag-cumuls-de-mandats","tag-destot"],"_links":{"self":[{"href":"https:\/\/www.ades-grenoble.org\/wordpress\/wp-json\/wp\/v2\/posts\/6459","targetHints":{"allow":["GET"]}}],"collection":[{"href":"https:\/\/www.ades-grenoble.org\/wordpress\/wp-json\/wp\/v2\/posts"}],"about":[{"href":"https:\/\/www.ades-grenoble.org\/wordpress\/wp-json\/wp\/v2\/types\/post"}],"author":[{"embeddable":true,"href":"https:\/\/www.ades-grenoble.org\/wordpress\/wp-json\/wp\/v2\/users\/1"}],"replies":[{"embeddable":true,"href":"https:\/\/www.ades-grenoble.org\/wordpress\/wp-json\/wp\/v2\/comments?post=6459"}],"version-history":[{"count":7,"href":"https:\/\/www.ades-grenoble.org\/wordpress\/wp-json\/wp\/v2\/posts\/6459\/revisions"}],"predecessor-version":[{"id":6464,"href":"https:\/\/www.ades-grenoble.org\/wordpress\/wp-json\/wp\/v2\/posts\/6459\/revisions\/6464"}],"wp:attachment":[{"href":"https:\/\/www.ades-grenoble.org\/wordpress\/wp-json\/wp\/v2\/media?parent=6459"}],"wp:term":[{"taxonomy":"category","embeddable":true,"href":"https:\/\/www.ades-grenoble.org\/wordpress\/wp-json\/wp\/v2\/categories?post=6459"},{"taxonomy":"post_tag","embeddable":true,"href":"https:\/\/www.ades-grenoble.org\/wordpress\/wp-json\/wp\/v2\/tags?post=6459"}],"curies":[{"name":"wp","href":"https:\/\/api.w.org\/{rel}","templated":true}]}}