{"id":6503,"date":"2012-12-21T21:13:09","date_gmt":"2012-12-21T19:13:09","guid":{"rendered":"http:\/\/www.ades-grenoble.org\/wordpress\/?p=6503"},"modified":"2012-12-21T21:14:14","modified_gmt":"2012-12-21T19:14:14","slug":"a-echirolles-pas-de-treve-des-confiseurs","status":"publish","type":"post","link":"https:\/\/www.ades-grenoble.org\/wordpress\/2012\/12\/21\/a-echirolles-pas-de-treve-des-confiseurs\/","title":{"rendered":"A Echirolles pas de tr\u00eave des confiseurs"},"content":{"rendered":"<p>Les agents de la ville d\u2019Echirolles seront priv\u00e9s de bonbons en 2013\u00a0! En effet, l\u2019adjoint aux finances qui avait du mal \u00e0 boucler son budget a d\u00e9clar\u00e9 lors du CHS-CT : \u00ab\u00a0Le budget d\u2019une ville c\u2019est comme le budget d\u2019une famille. En 2012, c\u2019est 20 000 \u20ac,\u00a0 en 2013 contraintes obligent ce sera toujours 20 000 \u20ac. Des choix sont \u00e0 faire et c\u2019est sur le chapitre bonbons qu\u2019il va falloir rogner\u00a0!\u00a0\u00bb. Un \u00e9lu EELV lui a r\u00e9pondu en s\u2019adressant aux salari\u00e9s\u00a0: \u00ab en 2012 vous avez eu des sucettes, gardez bien les b\u00e2tons \u00e0 l\u00e9cher en 2013.\u00a0\u00bb<\/p>\n","protected":false},"excerpt":{"rendered":"<p>Les agents de la ville d\u2019Echirolles seront priv\u00e9s de bonbons en 2013\u00a0! En effet, l\u2019adjoint aux finances qui avait du mal \u00e0 boucler son budget a d\u00e9clar\u00e9 lors du CHS-CT : \u00ab\u00a0Le budget d\u2019une ville c\u2019est comme le budget d\u2019une famille. En 2012, c\u2019est 20 000 \u20ac,\u00a0 en 2013 contraintes obligent ce sera toujours 20 [&hellip;]<\/p>\n","protected":false},"author":1,"featured_media":0,"comment_status":"closed","ping_status":"open","sticky":false,"template":"","format":"standard","meta":{"twitterCardType":"","cardImageID":0,"cardImage":"","cardTitle":"","cardDesc":"","cardImageAlt":"","cardPlayer":"","cardPlayerWidth":0,"cardPlayerHeight":0,"cardPlayerStream":"","cardPlayerCodec":"","footnotes":""},"categories":[11],"tags":[119,33],"class_list":["post-6503","post","type-post","status-publish","format-standard","hentry","category-politique-locale","tag-echirolles","tag-social"],"_links":{"self":[{"href":"https:\/\/www.ades-grenoble.org\/wordpress\/wp-json\/wp\/v2\/posts\/6503","targetHints":{"allow":["GET"]}}],"collection":[{"href":"https:\/\/www.ades-grenoble.org\/wordpress\/wp-json\/wp\/v2\/posts"}],"about":[{"href":"https:\/\/www.ades-grenoble.org\/wordpress\/wp-json\/wp\/v2\/types\/post"}],"author":[{"embeddable":true,"href":"https:\/\/www.ades-grenoble.org\/wordpress\/wp-json\/wp\/v2\/users\/1"}],"replies":[{"embeddable":true,"href":"https:\/\/www.ades-grenoble.org\/wordpress\/wp-json\/wp\/v2\/comments?post=6503"}],"version-history":[{"count":4,"href":"https:\/\/www.ades-grenoble.org\/wordpress\/wp-json\/wp\/v2\/posts\/6503\/revisions"}],"predecessor-version":[{"id":6507,"href":"https:\/\/www.ades-grenoble.org\/wordpress\/wp-json\/wp\/v2\/posts\/6503\/revisions\/6507"}],"wp:attachment":[{"href":"https:\/\/www.ades-grenoble.org\/wordpress\/wp-json\/wp\/v2\/media?parent=6503"}],"wp:term":[{"taxonomy":"category","embeddable":true,"href":"https:\/\/www.ades-grenoble.org\/wordpress\/wp-json\/wp\/v2\/categories?post=6503"},{"taxonomy":"post_tag","embeddable":true,"href":"https:\/\/www.ades-grenoble.org\/wordpress\/wp-json\/wp\/v2\/tags?post=6503"}],"curies":[{"name":"wp","href":"https:\/\/api.w.org\/{rel}","templated":true}]}}