{"id":6519,"date":"2012-12-21T21:35:00","date_gmt":"2012-12-21T19:35:00","guid":{"rendered":"http:\/\/www.ades-grenoble.org\/wordpress\/?p=6519"},"modified":"2012-12-21T21:35:00","modified_gmt":"2012-12-21T19:35:00","slug":"des-infos-surprenantes-sur-la-presquile","status":"publish","type":"post","link":"https:\/\/www.ades-grenoble.org\/wordpress\/2012\/12\/21\/des-infos-surprenantes-sur-la-presquile\/","title":{"rendered":"Des infos surprenantes sur la presqu&rsquo;\u00eele"},"content":{"rendered":"<div id=\"attachment_6521\" style=\"width: 310px\" class=\"wp-caption alignleft\"><img loading=\"lazy\" decoding=\"async\" aria-describedby=\"caption-attachment-6521\" class=\"size-medium wp-image-6521 \" alt=\"Vue du polygone scientifique (tous droits r\u00e9serv\u00e9s)\" src=\"http:\/\/www.ades-grenoble.org\/wordpress\/wp-content\/uploads\/2012\/12\/PresquIle-300x205.jpg\" width=\"300\" height=\"205\" srcset=\"https:\/\/www.ades-grenoble.org\/wordpress\/wp-content\/uploads\/2012\/12\/PresquIle-300x205.jpg 300w, https:\/\/www.ades-grenoble.org\/wordpress\/wp-content\/uploads\/2012\/12\/PresquIle-150x102.jpg 150w, https:\/\/www.ades-grenoble.org\/wordpress\/wp-content\/uploads\/2012\/12\/PresquIle.jpg 406w\" sizes=\"auto, (max-width: 300px) 100vw, 300px\" \/><p id=\"caption-attachment-6521\" class=\"wp-caption-text\">Vue du polygone scientifique (tous droits r\u00e9serv\u00e9s)<\/p><\/div>\n<p>Le 13 d\u00e9cembre 2012 le Nouvel Observateur publie, un encart sp\u00e9cial sur \u00ab\u00a0Grenoble dans 10 ans, la Presqu\u2019\u00eele, l\u2019Esplanade\u00a0, la Villeneuve, le tram\u2026\u00a0\u00bb<\/p>\n<p>On y apprend peu de choses int\u00e9ressantes, exception faite de deux points \u00e0 souligner\u00a0:<\/p>\n<p>De Portzamparc ne voulait pas se lancer dans l\u2019op\u00e9ration Presqu\u2019\u00eele\u00a0:\u00ab\u00a0<em>Au d\u00e9but j\u2019ai refus\u00e9 le projet. Puis j\u2019en ai compris l\u2019importance.\u00a0<\/em>\u00bb. Dommage qu\u2019il n\u2019en donne pas les raisons. Sa nomination comme responsable du dossier a \u00e9t\u00e9 prise en catimini par le maire qui ne veut que des grands noms. Ce premier refus montre bien toute la difficult\u00e9 pour que ce nouveau quartier soit r\u00e9ellement reli\u00e9 au centre ville. De nombreuses barri\u00e8res rendront difficile cette liaison.<\/p>\n<p>Michel Destot\u00a0: \u00ab\u00a0<em>Construire des immeubles d\u2019habitations sur la presqu\u2019\u00eele et l\u2019Esplanade r\u00e9soudra la crise du logement et le probl\u00e8me de l\u2019\u00e9talement urbain vers les vall\u00e9es, auquel nous contraignent les montagnes.<\/em>\u00a0\u00bb Voila la baguette magique qui va r\u00e9soudre la crise du logement et le probl\u00e8me de l\u2019\u00e9talement urbain, mais pourquoi n&rsquo;y a-t-on pas pens\u00e9 plus t\u00f4t ? Le maire ferait bien de redescendre sur terre et d\u2019analyser les r\u00e9alit\u00e9s plut\u00f4t que de vivre dans le virtuel. Une des raisons qui poussent des m\u00e9nages \u00e0 partir ou \u00e0 ne pas s\u2019installer \u00e0 Grenoble c\u2019est d\u2019abord les prix des appartements et des loyers. Si la majorit\u00e9 municipale \u00e9tait de gauche, elle s\u2019attaquerait d\u2019abord \u00e0 ces questions plut\u00f4t que de laisser la sp\u00e9culation immobili\u00e8re s\u2019\u00e9tendre gr\u00e2ce aux grands projets pilot\u00e9s par les promoteurs<\/p>\n","protected":false},"excerpt":{"rendered":"<p>Le 13 d\u00e9cembre 2012 le Nouvel Observateur publie, un encart sp\u00e9cial sur \u00ab\u00a0Grenoble dans 10 ans, la Presqu\u2019\u00eele, l\u2019Esplanade\u00a0, la Villeneuve, le tram\u2026\u00a0\u00bb On y apprend peu de choses int\u00e9ressantes, exception faite de deux points \u00e0 souligner\u00a0: De Portzamparc ne voulait pas se lancer dans l\u2019op\u00e9ration Presqu\u2019\u00eele\u00a0:\u00ab\u00a0Au d\u00e9but j\u2019ai refus\u00e9 le projet. Puis j\u2019en ai [&hellip;]<\/p>\n","protected":false},"author":1,"featured_media":0,"comment_status":"closed","ping_status":"open","sticky":false,"template":"","format":"standard","meta":{"twitterCardType":"","cardImageID":0,"cardImage":"","cardTitle":"","cardDesc":"","cardImageAlt":"","cardPlayer":"","cardPlayerWidth":0,"cardPlayerHeight":0,"cardPlayerStream":"","cardPlayerCodec":"","footnotes":""},"categories":[11],"tags":[234,66,65],"class_list":["post-6519","post","type-post","status-publish","format-standard","hentry","category-politique-locale","tag-giant","tag-logement","tag-urbanisme"],"_links":{"self":[{"href":"https:\/\/www.ades-grenoble.org\/wordpress\/wp-json\/wp\/v2\/posts\/6519","targetHints":{"allow":["GET"]}}],"collection":[{"href":"https:\/\/www.ades-grenoble.org\/wordpress\/wp-json\/wp\/v2\/posts"}],"about":[{"href":"https:\/\/www.ades-grenoble.org\/wordpress\/wp-json\/wp\/v2\/types\/post"}],"author":[{"embeddable":true,"href":"https:\/\/www.ades-grenoble.org\/wordpress\/wp-json\/wp\/v2\/users\/1"}],"replies":[{"embeddable":true,"href":"https:\/\/www.ades-grenoble.org\/wordpress\/wp-json\/wp\/v2\/comments?post=6519"}],"version-history":[{"count":3,"href":"https:\/\/www.ades-grenoble.org\/wordpress\/wp-json\/wp\/v2\/posts\/6519\/revisions"}],"predecessor-version":[{"id":6523,"href":"https:\/\/www.ades-grenoble.org\/wordpress\/wp-json\/wp\/v2\/posts\/6519\/revisions\/6523"}],"wp:attachment":[{"href":"https:\/\/www.ades-grenoble.org\/wordpress\/wp-json\/wp\/v2\/media?parent=6519"}],"wp:term":[{"taxonomy":"category","embeddable":true,"href":"https:\/\/www.ades-grenoble.org\/wordpress\/wp-json\/wp\/v2\/categories?post=6519"},{"taxonomy":"post_tag","embeddable":true,"href":"https:\/\/www.ades-grenoble.org\/wordpress\/wp-json\/wp\/v2\/tags?post=6519"}],"curies":[{"name":"wp","href":"https:\/\/api.w.org\/{rel}","templated":true}]}}