{"id":6533,"date":"2012-12-21T21:56:50","date_gmt":"2012-12-21T19:56:50","guid":{"rendered":"http:\/\/www.ades-grenoble.org\/wordpress\/?p=6533"},"modified":"2012-12-21T21:56:50","modified_gmt":"2012-12-21T19:56:50","slug":"selon-le-maire-actis-ne-doit-plus-faire-lobjet-de-debat-au-sein-du-conseil-municipal","status":"publish","type":"post","link":"https:\/\/www.ades-grenoble.org\/wordpress\/2012\/12\/21\/selon-le-maire-actis-ne-doit-plus-faire-lobjet-de-debat-au-sein-du-conseil-municipal\/","title":{"rendered":"Selon le maire, ACTIS ne doit plus faire l\u2019objet de d\u00e9bat au sein du conseil municipal !"},"content":{"rendered":"<p>Il fut un temps, tr\u00e8s ancien, o\u00f9 les rapports d\u2019activit\u00e9 d\u2019\u00a0\u00ab\u00a0ACTIS \u00ab\u00a0et de \u00ab\u00a0Grenoble Habitat\u00a0\u00bb, bailleurs de logement social, faisaient l\u2019objet de r\u00e9flexion et d\u2019\u00e9changes au conseil municipal de Grenoble. Ces 2 outils de la Ville de Grenoble portent une tr\u00e8s grande part du parc de logements sociaux, principalement situ\u00e9s en ZUS (Zone Urbaine de Solidarit\u00e9) en particulier pour Actis et dans une moindre mesure pour Grenoble Habitat.<\/p>\n<p>Les rapports d\u2019activit\u00e9 2011 ont \u00e9t\u00e9 vus au conseil municipal de d\u00e9cembre 2012. Ouf\u00a0! Il \u00e9tait temps, encore un peu et il n\u2019\u00e9tait plus possible de les examiner avant f\u00e9vrier ou mars 2013. On peut tout de m\u00eame se demander pourquoi on a choisi d\u2019\u00e9voquer le logement social, lors d\u2019une s\u00e9ance particuli\u00e8rement charg\u00e9e qui comptait le vote du budget, l\u2019examen de la Mission d\u2019information et d\u2019\u00e9valuation pour Alpexpo, sans oublier le stade Lesdigui\u00e8res et quelques autres nombreuses d\u00e9lib\u00e9rations de la m\u00eame importance.<\/p>\n<p>Le maire de Grenoble qui se dit tr\u00e8s attach\u00e9 \u00e0 ces outils du logement social, indique en pr\u00e9sentant cette d\u00e9lib\u00e9ration \u00ab\u00a0y a-t-il des interventions\u00a0? Cette d\u00e9lib\u00e9ration a d\u00e9j\u00e0 \u00e9t\u00e9 vue en commission\u00a0\u00bb, sous entendu \u00ab\u00a0on ne va pas passer le r\u00e9veillon l\u00e0-dessus\u00a0\u00bb.<\/p>\n<p><!--more-->Dans des temps recul\u00e9s, ceux d\u2019avant 2008, le logement social \u00e9tait une priorit\u00e9 et pas seulement durant les conf\u00e9rences de presse, devant les cam\u00e9ras. En 1995 cet organisme \u00e9tait mal en point apr\u00e8s avoir \u00e9t\u00e9 mis en tr\u00e8s grandes difficult\u00e9s par la p\u00e9riode sombre de la corruption. Le redressement avait \u00e9t\u00e9 engag\u00e9 en 1991 gr\u00e2ce \u00e0 l\u2019intervention efficace de Louis Besson alors ministre du logement de l\u2019\u00e9poque. Mais en 1995, l\u2019organisme entrait \u00e0 peine en convalescence et devait faire l\u2019objet de toutes les attentions, tant sur le plan des \u00e9quilibres financiers, que l\u2019am\u00e9lioration de la gestion de proximit\u00e9, ou des proc\u00e9dures de march\u00e9 de travaux lesquelles avant 1991, n\u2019avaient rien \u00e0 envier aux m\u00e9thodes d\u2019Alpexpo\u00a0!<\/p>\n<p>Toujours est- il qu\u2019\u00e0 la lecture attentive du rapport d\u2019ACTIS par exemple, on note que la situation se d\u00e9grade, notamment sur le plan financier en raison d\u2019impay\u00e9s de loyers qui sont en augmentation, comme le sont constamment les co\u00fbts de construction ou de travaux d\u2019entretien. Et pourtant, l\u2019organisme continue d\u2019assurer des constructions de qualit\u00e9 selon la r\u00e8glementation en vigueur. Il accro\u00eet toujours ses prestations de gestion de proximit\u00e9 et contribue ainsi grandement \u00e0 \u00e9viter une d\u00e9gradation plus importante encore, des conditions de vie dans les quartiers d\u2019habitat social.<\/p>\n<p>Peut \u00eatre que le d\u00e9sint\u00e9r\u00eat progressif du maire pour cet outil public s\u2019explique par son \u00e9ventuel transfert \u00e0 la M\u00e9tro, \u00e9chelon envisag\u00e9 de la prise en charge des questions de logement dans l\u2019agglom\u00e9ration \u00e0 plus ou moins longue \u00e9ch\u00e9ance.<\/p>\n<p>Si cette explication est la bonne, mieux vaudrait l\u2019exprimer clairement. Ce transfert qui a \u00e9t\u00e9 demand\u00e9 une premi\u00e8re fois en 2003 permettrait de relever un beau d\u00e9fi pour am\u00e9liorer la r\u00e9partition et l\u2019acc\u00e8s au logement social dans toute l\u2019agglom\u00e9ration. Lyon a fait ce choix il y a maintenant plus de 30 ans et les demandeurs de logement s\u2019en f\u00e9licitent tous les jours.<\/p>\n","protected":false},"excerpt":{"rendered":"<p>Il fut un temps, tr\u00e8s ancien, o\u00f9 les rapports d\u2019activit\u00e9 d\u2019\u00a0\u00ab\u00a0ACTIS \u00ab\u00a0et de \u00ab\u00a0Grenoble Habitat\u00a0\u00bb, bailleurs de logement social, faisaient l\u2019objet de r\u00e9flexion et d\u2019\u00e9changes au conseil municipal de Grenoble. Ces 2 outils de la Ville de Grenoble portent une tr\u00e8s grande part du parc de logements sociaux, principalement situ\u00e9s en ZUS (Zone Urbaine de [&hellip;]<\/p>\n","protected":false},"author":1,"featured_media":0,"comment_status":"closed","ping_status":"open","sticky":false,"template":"","format":"standard","meta":{"twitterCardType":"","cardImageID":0,"cardImage":"","cardTitle":"","cardDesc":"","cardImageAlt":"","cardPlayer":"","cardPlayerWidth":0,"cardPlayerHeight":0,"cardPlayerStream":"","cardPlayerCodec":"","footnotes":""},"categories":[11],"tags":[67,66,32],"class_list":["post-6533","post","type-post","status-publish","format-standard","hentry","category-politique-locale","tag-conseil-municipal","tag-logement","tag-metro"],"_links":{"self":[{"href":"https:\/\/www.ades-grenoble.org\/wordpress\/wp-json\/wp\/v2\/posts\/6533","targetHints":{"allow":["GET"]}}],"collection":[{"href":"https:\/\/www.ades-grenoble.org\/wordpress\/wp-json\/wp\/v2\/posts"}],"about":[{"href":"https:\/\/www.ades-grenoble.org\/wordpress\/wp-json\/wp\/v2\/types\/post"}],"author":[{"embeddable":true,"href":"https:\/\/www.ades-grenoble.org\/wordpress\/wp-json\/wp\/v2\/users\/1"}],"replies":[{"embeddable":true,"href":"https:\/\/www.ades-grenoble.org\/wordpress\/wp-json\/wp\/v2\/comments?post=6533"}],"version-history":[{"count":2,"href":"https:\/\/www.ades-grenoble.org\/wordpress\/wp-json\/wp\/v2\/posts\/6533\/revisions"}],"predecessor-version":[{"id":6535,"href":"https:\/\/www.ades-grenoble.org\/wordpress\/wp-json\/wp\/v2\/posts\/6533\/revisions\/6535"}],"wp:attachment":[{"href":"https:\/\/www.ades-grenoble.org\/wordpress\/wp-json\/wp\/v2\/media?parent=6533"}],"wp:term":[{"taxonomy":"category","embeddable":true,"href":"https:\/\/www.ades-grenoble.org\/wordpress\/wp-json\/wp\/v2\/categories?post=6533"},{"taxonomy":"post_tag","embeddable":true,"href":"https:\/\/www.ades-grenoble.org\/wordpress\/wp-json\/wp\/v2\/tags?post=6533"}],"curies":[{"name":"wp","href":"https:\/\/api.w.org\/{rel}","templated":true}]}}