{"id":6591,"date":"2013-01-11T22:12:27","date_gmt":"2013-01-11T20:12:27","guid":{"rendered":"http:\/\/www.ades-grenoble.org\/wordpress\/?p=6591"},"modified":"2013-01-11T22:12:27","modified_gmt":"2013-01-11T20:12:27","slug":"ou-lon-reparle-de-geg","status":"publish","type":"post","link":"https:\/\/www.ades-grenoble.org\/wordpress\/2013\/01\/11\/ou-lon-reparle-de-geg\/","title":{"rendered":"O\u00f9 l\u2019on reparle de GEG"},"content":{"rendered":"<p>Le syndicat CGT des salari\u00e9s de l&rsquo;\u00e9nergie de l&rsquo;Is\u00e8re a publi\u00e9 un communiqu\u00e9 suite <a href=\"http:\/\/www.ades-grenoble.org\/wordpress\/2012\/10\/26\/conseil-municipal-du-22-octobre-2012-le-courant-passe-avec-le-prive\/\">au conseil municipal de Grenoble du 22 octobre 2012 qui avait d\u00e9cid\u00e9 de confier pour 30 ans, \u00e0 la SEM GEG la d\u00e9l\u00e9gation des services publics du gaz et de l\u2019\u00e9lectricit\u00e9 de Grenoble<\/a>.<\/p>\n<p>Dans ce communiqu\u00e9 le syndicat prend position contre un retour en r\u00e9gie municipale avec un raccourci bien rapide\u00a0:<\/p>\n<p style=\"padding-left: 30px;\">\u00ab\u00a0Le fait que GEG se soit depuis longtemps d\u00e9velopp\u00e9e \u00e0 l\u2019ext\u00e9rieur du secteur Grenoblois, le retour \u00e0 une r\u00e9gie municipale serait v\u00e9cue comme un v\u00e9ritable repli qui aurait des impacts ind\u00e9niables sur l&#8217;emploi, les usagers et sur la qualit\u00e9 du service public.\u00a0\u00bb<\/p>\n<p>Il est tr\u00e8s curieux qu\u2019un syndicat de salari\u00e9s se fasse une image aussi fausse des r\u00e9alit\u00e9s de la r\u00e9gie \u00e0 personnalit\u00e9 morale qui est un v\u00e9ritable \u00e9tablissement public local, \u00e9tant \u00e0 la fois li\u00e9 intimement \u00e0 la commune et autonome dans sa gestion. Une r\u00e9gie municipale pourrait sans aucune difficult\u00e9 reprendre toutes les activit\u00e9s de GEG, en direct pour le service public \u00ab\u00a0r\u00e8glement\u00e9\u00a0\u00bb et par l\u2019interm\u00e9diaire de filiales pour les autres activit\u00e9s. Il n\u2019y aurait aucun impact n\u00e9gatif sur l\u2019emploi, ni sur le statut des salari\u00e9s de GEG.<\/p>\n<p><!--more-->En fait la solution en r\u00e9gie est bien meilleure pour la d\u00e9fense de l\u2019emploi \u00e0 GEG puisqu\u2019il n\u2019y a pas obligation de s\u00e9parer la gestion de l\u2019\u00e9clairage public du reste des activit\u00e9s, comme cela va se faire prochainement. Si par pur hasard GEG ne g\u00e9rait plus l\u2019\u00e9clairage public, il y aurait n\u00e9cessairement des menaces sur l\u2019emploi.<\/p>\n<p>Le syndicat CGT, qui se dit tr\u00e8s attach\u00e9 au service public, devrait expliquer quel est l\u2019int\u00e9r\u00eat d\u2019une structure de gestion d\u2019un tel service avec un actionnaire priv\u00e9 d\u00e9pendant d\u2019un grand groupe international dont les int\u00e9r\u00eats sont loin de ceux des usagers du service public.<\/p>\n<p>On voit bien qu\u2019un d\u00e9bat public pr\u00e9alable \u00e0 toute d\u00e9cision aurait \u00e9t\u00e9 b\u00e9n\u00e9fique \u00e0 tous les acteurs de ces services publics, \u00e9lus, usagers, salari\u00e9s, mais la majorit\u00e9 municipale a d\u00e9cid\u00e9 de trancher dans la pr\u00e9cipitation. Comme d\u2019habitude tout ce qui se fait vite est mal fait et il est vraisemblable que de nombreuses ill\u00e9galit\u00e9s aient \u00e9t\u00e9 commises dans ce dossier qui est loin d\u2019\u00eatre boucl\u00e9.<\/p>\n","protected":false},"excerpt":{"rendered":"<p>Le syndicat CGT des salari\u00e9s de l&rsquo;\u00e9nergie de l&rsquo;Is\u00e8re a publi\u00e9 un communiqu\u00e9 suite au conseil municipal de Grenoble du 22 octobre 2012 qui avait d\u00e9cid\u00e9 de confier pour 30 ans, \u00e0 la SEM GEG la d\u00e9l\u00e9gation des services publics du gaz et de l\u2019\u00e9lectricit\u00e9 de Grenoble. Dans ce communiqu\u00e9 le syndicat prend position contre [&hellip;]<\/p>\n","protected":false},"author":1,"featured_media":0,"comment_status":"closed","ping_status":"open","sticky":false,"template":"","format":"standard","meta":{"twitterCardType":"","cardImageID":0,"cardImage":"","cardTitle":"","cardDesc":"","cardImageAlt":"","cardPlayer":"","cardPlayerWidth":0,"cardPlayerHeight":0,"cardPlayerStream":"","cardPlayerCodec":"","footnotes":""},"categories":[11],"tags":[28],"class_list":["post-6591","post","type-post","status-publish","format-standard","hentry","category-politique-locale","tag-geg"],"_links":{"self":[{"href":"https:\/\/www.ades-grenoble.org\/wordpress\/wp-json\/wp\/v2\/posts\/6591","targetHints":{"allow":["GET"]}}],"collection":[{"href":"https:\/\/www.ades-grenoble.org\/wordpress\/wp-json\/wp\/v2\/posts"}],"about":[{"href":"https:\/\/www.ades-grenoble.org\/wordpress\/wp-json\/wp\/v2\/types\/post"}],"author":[{"embeddable":true,"href":"https:\/\/www.ades-grenoble.org\/wordpress\/wp-json\/wp\/v2\/users\/1"}],"replies":[{"embeddable":true,"href":"https:\/\/www.ades-grenoble.org\/wordpress\/wp-json\/wp\/v2\/comments?post=6591"}],"version-history":[{"count":1,"href":"https:\/\/www.ades-grenoble.org\/wordpress\/wp-json\/wp\/v2\/posts\/6591\/revisions"}],"predecessor-version":[{"id":6592,"href":"https:\/\/www.ades-grenoble.org\/wordpress\/wp-json\/wp\/v2\/posts\/6591\/revisions\/6592"}],"wp:attachment":[{"href":"https:\/\/www.ades-grenoble.org\/wordpress\/wp-json\/wp\/v2\/media?parent=6591"}],"wp:term":[{"taxonomy":"category","embeddable":true,"href":"https:\/\/www.ades-grenoble.org\/wordpress\/wp-json\/wp\/v2\/categories?post=6591"},{"taxonomy":"post_tag","embeddable":true,"href":"https:\/\/www.ades-grenoble.org\/wordpress\/wp-json\/wp\/v2\/tags?post=6591"}],"curies":[{"name":"wp","href":"https:\/\/api.w.org\/{rel}","templated":true}]}}